{"id":12363,"date":"2016-01-30T01:24:59","date_gmt":"2016-01-30T00:24:59","guid":{"rendered":"http:\/\/www.associationdemarie.org\/blog\/?p=12363"},"modified":"2016-01-15T19:50:35","modified_gmt":"2016-01-15T18:50:35","slug":"intentions-de-prieres-du-pape-francois-fevrier-2016","status":"publish","type":"post","link":"https:\/\/www.associationdemarie.org\/blog\/intentions-de-prieres-du-pape-francois-fevrier-2016\/","title":{"rendered":"Intentions de pri\u00e8res du pape Fran\u00e7ois &#8211; f\u00e9vrier 2016"},"content":{"rendered":"<p><a href=\"https:\/\/www.associationdemarie.org\/blog\/wp-content\/uploads\/2016\/01\/nasa-trois-jours-nuit-decembre-rumeurs-soleil.jpg\"><img loading=\"lazy\" decoding=\"async\" class=\"aligncenter wp-image-12364\" src=\"https:\/\/www.associationdemarie.org\/blog\/wp-content\/uploads\/2016\/01\/nasa-trois-jours-nuit-decembre-rumeurs-soleil.jpg\" alt=\"nasa-trois-jours-nuit-decembre-rumeurs-soleil\" width=\"470\" height=\"177\" srcset=\"https:\/\/www.associationdemarie.org\/blog\/wp-content\/uploads\/2016\/01\/nasa-trois-jours-nuit-decembre-rumeurs-soleil.jpg 640w, https:\/\/www.associationdemarie.org\/blog\/wp-content\/uploads\/2016\/01\/nasa-trois-jours-nuit-decembre-rumeurs-soleil-300x113.jpg 300w\" sizes=\"auto, (max-width: 470px) 100vw, 470px\" \/><\/a><\/p>\n<p><strong>Respect de la cr\u00e9ation<\/strong><\/p>\n<p>Pour que nous prenions soin de la cr\u00e9ation, re\u00e7ue comme un don gratuit, en la cultivant et la prot\u00e9geant pour les g\u00e9n\u00e9rations futures.<\/p>\n<p><strong>Peuples d\u2019Asie et foi chr\u00e9tienne<\/strong><\/p>\n<p>Pour qu\u2019augmentent les opportunit\u00e9s de dialogue et de rencontre entre la foi chr\u00e9tienne et les peuples d\u2019Asie.<\/p>\n<p>&nbsp;<\/p>\n<p>&nbsp;<\/p>\n<p>&nbsp;<\/p>\n","protected":false},"excerpt":{"rendered":"<p>Respect de la cr\u00e9ation Pour que nous prenions soin de la cr\u00e9ation, re\u00e7ue comme un don gratuit, en la cultivant et la prot\u00e9geant pour les g\u00e9n\u00e9rations futures. Peuples d\u2019Asie et foi chr\u00e9tienne Pour qu\u2019augmentent les opportunit\u00e9s de dialogue et de rencontre entre la foi chr\u00e9tienne et les peuples d\u2019Asie. &nbsp; &nbsp; &nbsp;<\/p>\n","protected":false},"author":2,"featured_media":0,"comment_status":"closed","ping_status":"closed","sticky":false,"template":"","format":"standard","meta":{"footnotes":""},"categories":[2,14,16],"tags":[269,502,761],"class_list":["post-12363","post","type-post","status-publish","format-standard","hentry","category-actualites","category-groupe-prieres","category-jardins-de-la-bible","tag-creation","tag-intention-de-prieres","tag-pape-francois"],"_links":{"self":[{"href":"https:\/\/www.associationdemarie.org\/blog\/wp-json\/wp\/v2\/posts\/12363","targetHints":{"allow":["GET"]}}],"collection":[{"href":"https:\/\/www.associationdemarie.org\/blog\/wp-json\/wp\/v2\/posts"}],"about":[{"href":"https:\/\/www.associationdemarie.org\/blog\/wp-json\/wp\/v2\/types\/post"}],"author":[{"embeddable":true,"href":"https:\/\/www.associationdemarie.org\/blog\/wp-json\/wp\/v2\/users\/2"}],"replies":[{"embeddable":true,"href":"https:\/\/www.associationdemarie.org\/blog\/wp-json\/wp\/v2\/comments?post=12363"}],"version-history":[{"count":1,"href":"https:\/\/www.associationdemarie.org\/blog\/wp-json\/wp\/v2\/posts\/12363\/revisions"}],"predecessor-version":[{"id":12365,"href":"https:\/\/www.associationdemarie.org\/blog\/wp-json\/wp\/v2\/posts\/12363\/revisions\/12365"}],"wp:attachment":[{"href":"https:\/\/www.associationdemarie.org\/blog\/wp-json\/wp\/v2\/media?parent=12363"}],"wp:term":[{"taxonomy":"category","embeddable":true,"href":"https:\/\/www.associationdemarie.org\/blog\/wp-json\/wp\/v2\/categories?post=12363"},{"taxonomy":"post_tag","embeddable":true,"href":"https:\/\/www.associationdemarie.org\/blog\/wp-json\/wp\/v2\/tags?post=12363"}],"curies":[{"name":"wp","href":"https:\/\/api.w.org\/{rel}","templated":true}]}}