{"id":12356,"date":"2016-01-13T18:13:33","date_gmt":"2016-01-13T17:13:33","guid":{"rendered":"http:\/\/www.associationdemarie.org\/blog\/?p=12356"},"modified":"2019-05-06T07:45:00","modified_gmt":"2019-05-06T06:45:00","slug":"2015-annee-noire-pour-les-chretiens-dans-le-monde","status":"publish","type":"post","link":"https:\/\/www.associationdemarie.org\/blog\/2015-annee-noire-pour-les-chretiens-dans-le-monde\/","title":{"rendered":"2015, ann\u00e9e noire pour les chr\u00e9tiens dans le monde"},"content":{"rendered":"<p>&nbsp;<\/p>\n<p>L&rsquo;index mondial des chr\u00e9tiens, publi\u00e9 chaque ann\u00e9e par l&rsquo;ONG Portes ouvertes, indique que 7100 d&rsquo;entre eux ont \u00e9t\u00e9 tu\u00e9s en 2015, soit une hausse de 63% en un an. Le nombre d&rsquo;\u00e9glises d\u00e9truites a \u00e9galement doubl\u00e9.<br \/>\nDu martyre des coptes d&rsquo;\u00c9gypte ex\u00e9cut\u00e9s par Daech, au massacre de Garissa au Kenya par les Shebabs, en passant par les destructions d&rsquo;\u00e9glises au Niger, 2015 a \u00e9t\u00e9 une ann\u00e9e noire pour les chr\u00e9tiens. Au moins 7100 d&rsquo;entre eux ont \u00e9t\u00e9 tu\u00e9s dans le monde cette ann\u00e9e \u00abpour des raisons li\u00e9es \u00e0 leur croyance\u00bb, soit une augmentation de 63% par rapport \u00e0 2014, indique l&rsquo;index annuel publi\u00e9 mercredi par l&rsquo;ONG protestante Portes ouvertes (Open Doors). \u00abChaque ann\u00e9e ce nombre ne cesse d&rsquo;augmenter, montrant une croissance de la pers\u00e9cution contre les chr\u00e9tiens dans le monde\u00bb, \u00e9crit l&rsquo;organisation \u00e9vang\u00e9lique fond\u00e9e aux Pays-Bas dans son rapport, qui faisait \u00e9tat de 1201 morts en 2012, 2123 en 2013 et 4344 en 2014.<\/p>\n<p>&nbsp;<\/p>\n<p><strong>Pour lire le rapport en int\u00e9gralit\u00e9:<\/strong><br \/>\n<a href=\"http:\/\/fr.scribd.com\/doc\/295321760\/Index-Mondial-de-Persecution-des-Chretiens\" target=\"_blank\" rel=\"noopener\">Index Mondial de Pers\u00e9cution des Chr\u00e9tiens<\/a><\/p>\n<p>&nbsp;<\/p>\n<p><strong>lefigaro.fr<\/strong><\/p>\n<p>&nbsp;<\/p>\n","protected":false},"excerpt":{"rendered":"<p>&nbsp; L&rsquo;index mondial des chr\u00e9tiens, publi\u00e9 chaque ann\u00e9e par l&rsquo;ONG Portes ouvertes, indique que 7100 d&rsquo;entre eux ont \u00e9t\u00e9 tu\u00e9s en 2015, soit une hausse de 63% en un an. Le nombre d&rsquo;\u00e9glises d\u00e9truites a \u00e9galement doubl\u00e9. Du martyre des coptes d&rsquo;\u00c9gypte ex\u00e9cut\u00e9s par Daech, au massacre de Garissa au Kenya par les Shebabs, en [&hellip;]<\/p>\n","protected":false},"author":2,"featured_media":0,"comment_status":"closed","ping_status":"closed","sticky":false,"template":"","format":"standard","meta":{"footnotes":""},"categories":[2,12],"tags":[39,218,797],"class_list":["post-12356","post","type-post","status-publish","format-standard","hentry","category-actualites","category-crise","tag-actualite","tag-chretiens","tag-persecutions"],"_links":{"self":[{"href":"https:\/\/www.associationdemarie.org\/blog\/wp-json\/wp\/v2\/posts\/12356","targetHints":{"allow":["GET"]}}],"collection":[{"href":"https:\/\/www.associationdemarie.org\/blog\/wp-json\/wp\/v2\/posts"}],"about":[{"href":"https:\/\/www.associationdemarie.org\/blog\/wp-json\/wp\/v2\/types\/post"}],"author":[{"embeddable":true,"href":"https:\/\/www.associationdemarie.org\/blog\/wp-json\/wp\/v2\/users\/2"}],"replies":[{"embeddable":true,"href":"https:\/\/www.associationdemarie.org\/blog\/wp-json\/wp\/v2\/comments?post=12356"}],"version-history":[{"count":3,"href":"https:\/\/www.associationdemarie.org\/blog\/wp-json\/wp\/v2\/posts\/12356\/revisions"}],"predecessor-version":[{"id":17490,"href":"https:\/\/www.associationdemarie.org\/blog\/wp-json\/wp\/v2\/posts\/12356\/revisions\/17490"}],"wp:attachment":[{"href":"https:\/\/www.associationdemarie.org\/blog\/wp-json\/wp\/v2\/media?parent=12356"}],"wp:term":[{"taxonomy":"category","embeddable":true,"href":"https:\/\/www.associationdemarie.org\/blog\/wp-json\/wp\/v2\/categories?post=12356"},{"taxonomy":"post_tag","embeddable":true,"href":"https:\/\/www.associationdemarie.org\/blog\/wp-json\/wp\/v2\/tags?post=12356"}],"curies":[{"name":"wp","href":"https:\/\/api.w.org\/{rel}","templated":true}]}}