{"id":12353,"date":"2016-01-28T01:49:53","date_gmt":"2016-01-28T00:49:53","guid":{"rendered":"http:\/\/www.associationdemarie.org\/blog\/?p=12353"},"modified":"2016-01-13T07:51:58","modified_gmt":"2016-01-13T06:51:58","slug":"rien-na-ete-garde-secret-sinon-pour-venir-au-grand-jour","status":"publish","type":"post","link":"https:\/\/www.associationdemarie.org\/blog\/rien-na-ete-garde-secret-sinon-pour-venir-au-grand-jour\/","title":{"rendered":"\u00ab Rien n&rsquo;a \u00e9t\u00e9 gard\u00e9 secret, sinon pour venir au grand jour. \u00bb"},"content":{"rendered":"<p><a href=\"https:\/\/www.associationdemarie.org\/blog\/wp-content\/uploads\/2016\/01\/habillage_voisinage_2.jpg\"><img loading=\"lazy\" decoding=\"async\" class=\"aligncenter size-full wp-image-12354\" src=\"https:\/\/www.associationdemarie.org\/blog\/wp-content\/uploads\/2016\/01\/habillage_voisinage_2.jpg\" alt=\"habillage_voisinage_2\" width=\"298\" height=\"298\" srcset=\"https:\/\/www.associationdemarie.org\/blog\/wp-content\/uploads\/2016\/01\/habillage_voisinage_2.jpg 298w, https:\/\/www.associationdemarie.org\/blog\/wp-content\/uploads\/2016\/01\/habillage_voisinage_2-150x150.jpg 150w\" sizes=\"auto, (max-width: 298px) 100vw, 298px\" \/><\/a><\/p>\n<p>Ayez soin de tenir des r\u00e9unions plus fr\u00e9quentes, pour offrir \u00e0 Dieu votre eucharistie \u2014 votre action de gr\u00e2ce \u2014 et vos louanges. Car, en vous assemblant souvent, vous an\u00e9antissez les forces de Satan, et sa pernicieuse puissance se dissipe devant l&rsquo;unanimit\u00e9 de votre foi. Quoi de meilleur que la paix, cette paix qui d\u00e9sarme tous nos ennemis spirituels et charnels ?<\/p>\n<p>Vous n&rsquo;ignorez aucune de ces v\u00e9rit\u00e9s, si vous avez pour J\u00e9sus Christ une foi et une charit\u00e9 parfaites. Ces deux vertus sont le principe et la fin de la vie : la foi en est le principe, la charit\u00e9 en est la perfection ; l&rsquo;union des deux, c&rsquo;est Dieu m\u00eame ; toutes les autres vertus leur font cort\u00e8ge pour conduire l&rsquo;homme \u00e0 la perfection. La profession de la foi est incompatible avec le p\u00e9ch\u00e9, et la charit\u00e9 avec la haine. \u00ab C&rsquo;est aux fruits qu&rsquo;on reconna\u00eet l&rsquo;arbre \u00bb (Mt 12,33) : de m\u00eame c&rsquo;est \u00e0 leurs \u0153uvres qu&rsquo;on reconna\u00eetra ceux qui font profession d&rsquo;appartenir au Christ. Car en ce moment il ne s&rsquo;agit pas pour nous de faire simplement profession de la foi, mais de la mettre effectivement en pratique avec pers\u00e9v\u00e9rance jusqu&rsquo;\u00e0 la fin.<\/p>\n<p>Mieux vaut \u00eatre chr\u00e9tien sans le dire que de le dire sans l&rsquo;\u00eatre. C&rsquo;est tr\u00e8s bien d&rsquo;enseigner, \u00e0 condition de pratiquer ce qu&rsquo;on enseigne. Nous n&rsquo;avons donc qu&rsquo;un seul ma\u00eetre (Mt 23,8), celui qui \u00ab a dit, et tout a \u00e9t\u00e9 fait \u00bb (Ps 32,9). M\u00eames les \u0153uvres qu&rsquo;il a accomplies en silence sont dignes du P\u00e8re. Celui qui comprend v\u00e9ritablement la parole de J\u00e9sus, celui-l\u00e0 peut entendre son silence m\u00eame ; c&rsquo;est alors qu&rsquo;il sera parfait : il agira par sa parole, et se manifestera par son silence. Rien n&rsquo;\u00e9chappe au Seigneur ; nos secrets m\u00eames sont dans sa main. Faisons donc toutes nos actions avec la pens\u00e9e qu&rsquo;il habite en nous ; nous serons ainsi ses temples, et lui-m\u00eame sera notre Dieu r\u00e9sidant en nous.<\/p>\n<p>Saint Ignace d&rsquo;Antioche (?-v. 110), \u00e9v\u00eaque et martyr<br \/>\nLettre aux Eph\u00e9siens, \u00a7 13-15 (trad. coll. Icthus, vol. 2, p. 80)<\/p>\n<p>&nbsp;<\/p>\n<p>&nbsp;<\/p>\n<p>&nbsp;<\/p>\n","protected":false},"excerpt":{"rendered":"<p>Ayez soin de tenir des r\u00e9unions plus fr\u00e9quentes, pour offrir \u00e0 Dieu votre eucharistie \u2014 votre action de gr\u00e2ce \u2014 et vos louanges. Car, en vous assemblant souvent, vous an\u00e9antissez les forces de Satan, et sa pernicieuse puissance se dissipe devant l&rsquo;unanimit\u00e9 de votre foi. Quoi de meilleur que la paix, cette paix qui d\u00e9sarme [&hellip;]<\/p>\n","protected":false},"author":2,"featured_media":0,"comment_status":"closed","ping_status":"closed","sticky":false,"template":"","format":"standard","meta":{"footnotes":""},"categories":[3,13,1261,28],"tags":[203,218,1382,385,425,1037],"class_list":["post-12353","post","type-post","status-publish","format-standard","hentry","category-liturgique","category-ecritures","category-enseignement-2","category-saints-et-saintes","tag-charite","tag-chretiens","tag-ecritures","tag-eucharistie","tag-foi","tag-st-ignace-dantioche"],"_links":{"self":[{"href":"https:\/\/www.associationdemarie.org\/blog\/wp-json\/wp\/v2\/posts\/12353","targetHints":{"allow":["GET"]}}],"collection":[{"href":"https:\/\/www.associationdemarie.org\/blog\/wp-json\/wp\/v2\/posts"}],"about":[{"href":"https:\/\/www.associationdemarie.org\/blog\/wp-json\/wp\/v2\/types\/post"}],"author":[{"embeddable":true,"href":"https:\/\/www.associationdemarie.org\/blog\/wp-json\/wp\/v2\/users\/2"}],"replies":[{"embeddable":true,"href":"https:\/\/www.associationdemarie.org\/blog\/wp-json\/wp\/v2\/comments?post=12353"}],"version-history":[{"count":1,"href":"https:\/\/www.associationdemarie.org\/blog\/wp-json\/wp\/v2\/posts\/12353\/revisions"}],"predecessor-version":[{"id":12355,"href":"https:\/\/www.associationdemarie.org\/blog\/wp-json\/wp\/v2\/posts\/12353\/revisions\/12355"}],"wp:attachment":[{"href":"https:\/\/www.associationdemarie.org\/blog\/wp-json\/wp\/v2\/media?parent=12353"}],"wp:term":[{"taxonomy":"category","embeddable":true,"href":"https:\/\/www.associationdemarie.org\/blog\/wp-json\/wp\/v2\/categories?post=12353"},{"taxonomy":"post_tag","embeddable":true,"href":"https:\/\/www.associationdemarie.org\/blog\/wp-json\/wp\/v2\/tags?post=12353"}],"curies":[{"name":"wp","href":"https:\/\/api.w.org\/{rel}","templated":true}]}}