{"id":12350,"date":"2016-01-27T01:15:53","date_gmt":"2016-01-27T00:15:53","guid":{"rendered":"http:\/\/www.associationdemarie.org\/blog\/?p=12350"},"modified":"2016-01-11T18:19:39","modified_gmt":"2016-01-11T17:19:39","slug":"presence","status":"publish","type":"post","link":"https:\/\/www.associationdemarie.org\/blog\/presence\/","title":{"rendered":"Pr\u00e9sence"},"content":{"rendered":"<p><a href=\"https:\/\/www.associationdemarie.org\/blog\/wp-content\/uploads\/2016\/01\/fleurs.jpg\"><img loading=\"lazy\" decoding=\"async\" class=\"aligncenter  wp-image-12351\" src=\"https:\/\/www.associationdemarie.org\/blog\/wp-content\/uploads\/2016\/01\/fleurs.jpg\" alt=\"fleurs\" width=\"439\" height=\"329\" srcset=\"https:\/\/www.associationdemarie.org\/blog\/wp-content\/uploads\/2016\/01\/fleurs.jpg 600w, https:\/\/www.associationdemarie.org\/blog\/wp-content\/uploads\/2016\/01\/fleurs-300x225.jpg 300w\" sizes=\"auto, (max-width: 439px) 100vw, 439px\" \/><\/a><\/p>\n<p>Comme l\u2019aveugle per\u00e7oit la pr\u00e9sence d\u2019une autre personne \u00e0 ses c\u00f4t\u00e9s, de m\u00eame je sens et suis s\u00fbr de la pr\u00e9sence de Dieu pr\u00e8s de moi. Je sais qu\u2019Il m\u2019\u00e9coute. Je crois que je L\u2019ai toujours eu \u00e0 mes c\u00f4t\u00e9s et en moi, et que, \u00e0 pr\u00e9sent m\u00eame, Il est ici. Je puis \u00ab l\u2019emmener \u00bb avec moi partout, m\u2019entretenir famili\u00e8rement avec Lui, Lui demander lumi\u00e8re et force, jouir de sa compagnie.Regarde avec un regard de foi. Avec un regard de foi, tout r\u00e9v\u00e8le la pr\u00e9sence de Dieu, tout. Les choses, les \u00e9v\u00e8nements et les personnes. Dieu est dans toute la cr\u00e9ation puisqu\u2019Il lui donne l\u2019existence et la pr\u00e9serve. Les cr\u00e9atures poss\u00e8dent les caract\u00e9ristiques de leur Auteur et en elles, nous pouvons d\u00e9couvrir les attributs, les qualit\u00e9s essentielles, de qui les a faits. Nous pouvons reconna\u00eetre Dieu dans les personnes parce qu\u2019Il les a cr\u00e9\u00e9es \u00e0 son image et sa ressemblance et parce que la gr\u00e2ce sanctifiante court dans leurs veines. Dieu est l\u00e0, veut se r\u00e9v\u00e9ler, se faire conna\u00eetre de nous, il d\u00e9pend de chacun d\u2019ouvrir les yeux avec un regard de foi et de le reconna\u00eetre. Le contraire serait une sorte de c\u00e9cit\u00e9 ou de myopie. Fais chaque jour un examen de conscience empreint de gratitude. Dieu Providence est pr\u00e9sent dans l\u2019histoire et dans ton histoire personnelle, celle de chaque jour. Que cela ne t\u2019\u00e9chappe pas. Dieu se manifeste g\u00e9n\u00e9ralement \u00e0 travers des actes et paroles d\u2019autres personnes, \u00e0 travers des gr\u00e2ces pr\u00e9sentes que l\u2019Esprit Saint t\u2019accordera, des opportunit\u00e9s de grandir, des sacrements etc. De grands \u00e9v\u00e8nements ne sont pas n\u00e9cessaires, Dieu nous offre les dons de son Amour de mani\u00e8re tr\u00e8s simple. Il s\u2019agit d\u2019\u00eatre attentif \u00e0 capter son intervention providentielle, d&rsquo;\u00eatre r\u00e9ceptif, d&rsquo;\u00eatre humble, de lui attribuer le m\u00e9rite, de le b\u00e9nir et de lui rendre gr\u00e2ces.<br \/>\nSi tous les jours, en fin de journ\u00e9e, tu te r\u00e9serves un temps pour d\u00e9couvrir la fa\u00e7on dont Dieu s\u2019est fait pr\u00e9sent dans ta vie et pour le remercier, tu appliqueras par-l\u00e0 un moyen d\u2019une grande efficacit\u00e9 pour cultiver l\u2019habitude de la pr\u00e9sence de Dieu.<\/p>\n<p>Pildoras de Fe<br \/>\n\u00ab\u00a0Pour apprendre \u00e0 vivre en pr\u00e9sence de Dieu\u00a0\u00bb (extrait) 12\/11\/2015<br \/>\naleteia.org<\/p>\n<p>&nbsp;<\/p>\n<p>&nbsp;<\/p>\n<p>&nbsp;<\/p>\n","protected":false},"excerpt":{"rendered":"<p>Comme l\u2019aveugle per\u00e7oit la pr\u00e9sence d\u2019une autre personne \u00e0 ses c\u00f4t\u00e9s, de m\u00eame je sens et suis s\u00fbr de la pr\u00e9sence de Dieu pr\u00e8s de moi. Je sais qu\u2019Il m\u2019\u00e9coute. Je crois que je L\u2019ai toujours eu \u00e0 mes c\u00f4t\u00e9s et en moi, et que, \u00e0 pr\u00e9sent m\u00eame, Il est ici. Je puis \u00ab l\u2019emmener [&hellip;]<\/p>\n","protected":false},"author":2,"featured_media":0,"comment_status":"closed","ping_status":"closed","sticky":false,"template":"","format":"standard","meta":{"footnotes":""},"categories":[14,26],"tags":[128,295,823],"class_list":["post-12350","post","type-post","status-publish","format-standard","hentry","category-groupe-prieres","category-priere-des-ames","tag-aveugle","tag-dieu","tag-presence"],"_links":{"self":[{"href":"https:\/\/www.associationdemarie.org\/blog\/wp-json\/wp\/v2\/posts\/12350","targetHints":{"allow":["GET"]}}],"collection":[{"href":"https:\/\/www.associationdemarie.org\/blog\/wp-json\/wp\/v2\/posts"}],"about":[{"href":"https:\/\/www.associationdemarie.org\/blog\/wp-json\/wp\/v2\/types\/post"}],"author":[{"embeddable":true,"href":"https:\/\/www.associationdemarie.org\/blog\/wp-json\/wp\/v2\/users\/2"}],"replies":[{"embeddable":true,"href":"https:\/\/www.associationdemarie.org\/blog\/wp-json\/wp\/v2\/comments?post=12350"}],"version-history":[{"count":1,"href":"https:\/\/www.associationdemarie.org\/blog\/wp-json\/wp\/v2\/posts\/12350\/revisions"}],"predecessor-version":[{"id":12352,"href":"https:\/\/www.associationdemarie.org\/blog\/wp-json\/wp\/v2\/posts\/12350\/revisions\/12352"}],"wp:attachment":[{"href":"https:\/\/www.associationdemarie.org\/blog\/wp-json\/wp\/v2\/media?parent=12350"}],"wp:term":[{"taxonomy":"category","embeddable":true,"href":"https:\/\/www.associationdemarie.org\/blog\/wp-json\/wp\/v2\/categories?post=12350"},{"taxonomy":"post_tag","embeddable":true,"href":"https:\/\/www.associationdemarie.org\/blog\/wp-json\/wp\/v2\/tags?post=12350"}],"curies":[{"name":"wp","href":"https:\/\/api.w.org\/{rel}","templated":true}]}}