{"id":12330,"date":"2016-01-22T01:07:10","date_gmt":"2016-01-22T00:07:10","guid":{"rendered":"http:\/\/www.associationdemarie.org\/blog\/?p=12330"},"modified":"2016-01-05T19:10:10","modified_gmt":"2016-01-05T18:10:10","slug":"evangile-de-jesus-christ-selon-saint-marc-313-19","status":"publish","type":"post","link":"https:\/\/www.associationdemarie.org\/blog\/evangile-de-jesus-christ-selon-saint-marc-313-19\/","title":{"rendered":"\u00c9vangile de J\u00e9sus Christ selon saint Marc 3,13-19."},"content":{"rendered":"<p>En ce temps-l\u00e0, J\u00e9sus gravit la montagne, et il appela ceux qu\u2019il voulait. Ils vinrent aupr\u00e8s de lui,<br \/>\net il en institua douze pour qu\u2019ils soient avec lui et pour les envoyer proclamer la Bonne Nouvelle<br \/>\navec le pouvoir d\u2019expulser les d\u00e9mons.<br \/>\nDonc, il \u00e9tablit les Douze : Pierre \u2013 c\u2019est le nom qu\u2019il donna \u00e0 Simon \u2013,<br \/>\nJacques, fils de Z\u00e9b\u00e9d\u00e9e, et Jean, le fr\u00e8re de Jacques \u2013 il leur donna le nom de \u00ab Boanergu\u00e8s \u00bb, c\u2019est-\u00e0-dire : \u00ab Fils du tonnerre \u00bb \u2013,<br \/>\nAndr\u00e9, Philippe, Barth\u00e9lemy, Matthieu, Thomas, Jacques, fils d\u2019Alph\u00e9e, Thadd\u00e9e, Simon le Z\u00e9lote,<br \/>\net Judas Iscariote, celui-l\u00e0 m\u00eame qui le livra.<\/p>\n<p><a href=\"https:\/\/www.associationdemarie.org\/blog\/wp-content\/uploads\/2016\/01\/parleseigneur.jpg\"><img loading=\"lazy\" decoding=\"async\" class=\"aligncenter  wp-image-12331\" src=\"https:\/\/www.associationdemarie.org\/blog\/wp-content\/uploads\/2016\/01\/parleseigneur.jpg\" alt=\"parleseigneur\" width=\"459\" height=\"308\" srcset=\"https:\/\/www.associationdemarie.org\/blog\/wp-content\/uploads\/2016\/01\/parleseigneur.jpg 422w, https:\/\/www.associationdemarie.org\/blog\/wp-content\/uploads\/2016\/01\/parleseigneur-300x201.jpg 300w\" sizes=\"auto, (max-width: 459px) 100vw, 459px\" \/><\/a><\/p>\n<p>Je ne dis rien d&rsquo;\u00e9trange, je ne recherche pas le paradoxe, mais, docile \u00e0 l&rsquo;enseignement des ap\u00f4tres, je veux \u00e0 mon tour enseigner les nations. Je veux transmettre exactement la tradition \u00e0 ceux qui veulent, eux aussi, devenir les disciples de la V\u00e9rit\u00e9. Qui&#8230;ne s&#8217;empresserait pas d&rsquo;apprendre pleinement tout ce que le Verbe de Dieu a clairement enseign\u00e9 a ses disciples ? Car en se manifestant, ce Verbe qui n&rsquo;a pas \u00e9t\u00e9 compris par ceux qui ne croyaient pas en lui, a manifest\u00e9 la v\u00e9rit\u00e9 \u00e0 ses disciples ; s&rsquo;exprimant ouvertement, il a tout dit \u00e0 ses disciples. Il les a reconnus comme ses fid\u00e8les, et ils ont re\u00e7u de lui la connaissance des myst\u00e8res du P\u00e8re.<\/p>\n<p>C&rsquo;est pour cela que le Verbe a \u00e9t\u00e9 envoy\u00e9 dans le monde. Et pour qu&rsquo;il soit manifest\u00e9 au monde entier&#8230;, il a \u00e9t\u00e9 proclam\u00e9 par les ap\u00f4tres pour que les nations croient en lui. Lui qui \u00e9tait d\u00e8s le commencement (1Jn 1,1), il s&rsquo;est manifest\u00e9 dans la nouveaut\u00e9, et ses disciples ont reconnu en lui l&rsquo;anciennet\u00e9. Il rena\u00eet toujours jeune dans le c\u0153ur des saints&#8230; Par lui l&rsquo;\u00c9glise est combl\u00e9e de richesses ; la gr\u00e2ce s&rsquo;\u00e9panouit, se multiplie dans les saints ; elle conf\u00e8re l&rsquo;intelligence de la foi, d\u00e9voile les myst\u00e8res du P\u00e8re ; elle donne \u00e0 comprendre les temps&#8230; Elle est offerte \u00e0 ceux qui la recherchent en respectant les r\u00e8gles de la foi et en gardant fid\u00e8lement la tradition des P\u00e8res.<\/p>\n<p>Voici que la crainte de la Loi est chant\u00e9e ; voici que la gr\u00e2ce des proph\u00e8tes est reconnue, la foi des \u00c9vangiles affermie, la tradition des ap\u00f4tres conserv\u00e9e ; la gr\u00e2ce de l&rsquo;\u00c9glise bondit d&rsquo;all\u00e9gresse. Cette gr\u00e2ce, ne la contristez pas ; alors vous conna\u00eetrez les secrets que le Verbe de Dieu r\u00e9v\u00e8le par qui il veut, quand il lui pla\u00eet. Approchez-vous, \u00e9coutez, et vous saurez tout ce que Dieu confie \u00e0 ceux qui l&rsquo;aiment vraiment.<\/p>\n<p>La Lettre \u00e0 Diogn\u00e8te (v. 200)<br \/>\n\u00a7 11 (trad. cf SC 33 bis, p. 79)<\/p>\n<p>&nbsp;<\/p>\n<p>&nbsp;<\/p>\n<p>&nbsp;<\/p>\n","protected":false},"excerpt":{"rendered":"<p>En ce temps-l\u00e0, J\u00e9sus gravit la montagne, et il appela ceux qu\u2019il voulait. Ils vinrent aupr\u00e8s de lui, et il en institua douze pour qu\u2019ils soient avec lui et pour les envoyer proclamer la Bonne Nouvelle avec le pouvoir d\u2019expulser les d\u00e9mons. Donc, il \u00e9tablit les Douze : Pierre \u2013 c\u2019est le nom qu\u2019il donna [&hellip;]<\/p>\n","protected":false},"author":2,"featured_media":0,"comment_status":"closed","ping_status":"closed","sticky":false,"template":"","format":"standard","meta":{"footnotes":""},"categories":[3,13,1261,28],"tags":[84,305,336,387,389,1057],"class_list":["post-12330","post","type-post","status-publish","format-standard","hentry","category-liturgique","category-ecritures","category-enseignement-2","category-saints-et-saintes","tag-apotres","tag-disciples","tag-eglise","tag-evangelisation","tag-evangile","tag-st-marc"],"_links":{"self":[{"href":"https:\/\/www.associationdemarie.org\/blog\/wp-json\/wp\/v2\/posts\/12330","targetHints":{"allow":["GET"]}}],"collection":[{"href":"https:\/\/www.associationdemarie.org\/blog\/wp-json\/wp\/v2\/posts"}],"about":[{"href":"https:\/\/www.associationdemarie.org\/blog\/wp-json\/wp\/v2\/types\/post"}],"author":[{"embeddable":true,"href":"https:\/\/www.associationdemarie.org\/blog\/wp-json\/wp\/v2\/users\/2"}],"replies":[{"embeddable":true,"href":"https:\/\/www.associationdemarie.org\/blog\/wp-json\/wp\/v2\/comments?post=12330"}],"version-history":[{"count":2,"href":"https:\/\/www.associationdemarie.org\/blog\/wp-json\/wp\/v2\/posts\/12330\/revisions"}],"predecessor-version":[{"id":12333,"href":"https:\/\/www.associationdemarie.org\/blog\/wp-json\/wp\/v2\/posts\/12330\/revisions\/12333"}],"wp:attachment":[{"href":"https:\/\/www.associationdemarie.org\/blog\/wp-json\/wp\/v2\/media?parent=12330"}],"wp:term":[{"taxonomy":"category","embeddable":true,"href":"https:\/\/www.associationdemarie.org\/blog\/wp-json\/wp\/v2\/categories?post=12330"},{"taxonomy":"post_tag","embeddable":true,"href":"https:\/\/www.associationdemarie.org\/blog\/wp-json\/wp\/v2\/tags?post=12330"}],"curies":[{"name":"wp","href":"https:\/\/api.w.org\/{rel}","templated":true}]}}