{"id":12320,"date":"2018-01-16T01:44:39","date_gmt":"2018-01-16T00:44:39","guid":{"rendered":"http:\/\/www.associationdemarie.org\/blog\/?p=12320"},"modified":"2018-01-02T19:17:27","modified_gmt":"2018-01-02T18:17:27","slug":"le-sabbat-a-ete-fait-pour-lhomme-et-non-pas-lhomme-pour-le-sabbat","status":"publish","type":"post","link":"https:\/\/www.associationdemarie.org\/blog\/le-sabbat-a-ete-fait-pour-lhomme-et-non-pas-lhomme-pour-le-sabbat\/","title":{"rendered":"\u00ab Le sabbat a \u00e9t\u00e9 fait pour l&rsquo;homme, et non pas l&rsquo;homme pour le sabbat. \u00bb"},"content":{"rendered":"<p><a href=\"https:\/\/www.associationdemarie.org\/blog\/wp-content\/uploads\/2016\/01\/3e-dimanche-de-l-Avent-dimanche-13-decembre-2015_large.jpg\"><img loading=\"lazy\" decoding=\"async\" class=\"aligncenter size-full wp-image-12321\" src=\"https:\/\/www.associationdemarie.org\/blog\/wp-content\/uploads\/2016\/01\/3e-dimanche-de-l-Avent-dimanche-13-decembre-2015_large.jpg\" alt=\"3e-dimanche-de-l-Avent-dimanche-13-decembre-2015_large\" width=\"360\" height=\"363\" srcset=\"https:\/\/www.associationdemarie.org\/blog\/wp-content\/uploads\/2016\/01\/3e-dimanche-de-l-Avent-dimanche-13-decembre-2015_large.jpg 360w, https:\/\/www.associationdemarie.org\/blog\/wp-content\/uploads\/2016\/01\/3e-dimanche-de-l-Avent-dimanche-13-decembre-2015_large-150x150.jpg 150w, https:\/\/www.associationdemarie.org\/blog\/wp-content\/uploads\/2016\/01\/3e-dimanche-de-l-Avent-dimanche-13-decembre-2015_large-298x300.jpg 298w\" sizes=\"auto, (max-width: 360px) 100vw, 360px\" \/><\/a><\/p>\n<p>Il est particuli\u00e8rement urgent \u00e0 notre \u00e9poque de rappeler que le dimanche, le Jour du Seigneur, est aussi le jour du repos par rapport au travail. Nous souhaitons vivement que cela soit reconnu comme tel par la soci\u00e9t\u00e9 civile, de sorte qu&rsquo;il soit possible d&rsquo;\u00eatre libre des activit\u00e9s du travail sans \u00eatre pour autant p\u00e9nalis\u00e9. En effet, les chr\u00e9tiens, en relation avec la signification du sabbat dans la tradition juive, ont toujours vu \u00e9galement dans le Jour du Seigneur le jour du repos du labeur quotidien.<\/p>\n<p>Cela a un sens pr\u00e9cis, constituant une relativisation du travail, qui est ordonn\u00e9 \u00e0 l&rsquo;homme : le travail est pour l&rsquo;homme et non l&rsquo;homme pour le travail. Il est facile de comprendre la protection qui en d\u00e9coule pour l&rsquo;homme lui-m\u00eame, qui est ainsi \u00e9mancip\u00e9 d&rsquo;une forme possible d&rsquo;esclavage. Comme j&rsquo;ai eu l&rsquo;occasion de l&rsquo;affirmer, \u00ab le travail est de premi\u00e8re importance pour la r\u00e9alisation de l&rsquo;homme et pour le d\u00e9veloppement de la soci\u00e9t\u00e9, et c&rsquo;est pourquoi il convient qu&rsquo;il soit toujours organis\u00e9 et accompli dans le plein respect de la dignit\u00e9 humaine et au service du bien commun. En m\u00eame temps, il est indispensable que l&rsquo;homme ne se laisse pas asservir par le travail, qu&rsquo;il n&rsquo;en fasse pas une idole, pr\u00e9tendant trouver en lui le sens ultime et d\u00e9finitif de la vie \u00bb. C&rsquo;est dans le jour consacr\u00e9 \u00e0 Dieu que l&rsquo;homme comprend le sens de son existence ainsi que de son travail.<\/p>\n<p>Beno\u00eet XVI, pape de 2005 \u00e0 2013<br \/>\nExhortation apostolique \u00ab Sacramentum caritatis \u00bb \u00a7 74 (trad. \u00a9 Libreria Editrice Vaticana)<\/p>\n<p>&nbsp;<\/p>\n<p>&nbsp;<\/p>\n<p>&nbsp;<\/p>\n","protected":false},"excerpt":{"rendered":"<p>Il est particuli\u00e8rement urgent \u00e0 notre \u00e9poque de rappeler que le dimanche, le Jour du Seigneur, est aussi le jour du repos par rapport au travail. Nous souhaitons vivement que cela soit reconnu comme tel par la soci\u00e9t\u00e9 civile, de sorte qu&rsquo;il soit possible d&rsquo;\u00eatre libre des activit\u00e9s du travail sans \u00eatre pour autant p\u00e9nalis\u00e9. [&hellip;]<\/p>\n","protected":false},"author":2,"featured_media":0,"comment_status":"closed","ping_status":"closed","sticky":false,"template":"","format":"standard","meta":{"footnotes":""},"categories":[3,13,1261],"tags":[142,299,911,1150],"class_list":["post-12320","post","type-post","status-publish","format-standard","hentry","category-liturgique","category-ecritures","category-enseignement-2","tag-benoit-16","tag-dimanche","tag-sabbat","tag-travail"],"_links":{"self":[{"href":"https:\/\/www.associationdemarie.org\/blog\/wp-json\/wp\/v2\/posts\/12320","targetHints":{"allow":["GET"]}}],"collection":[{"href":"https:\/\/www.associationdemarie.org\/blog\/wp-json\/wp\/v2\/posts"}],"about":[{"href":"https:\/\/www.associationdemarie.org\/blog\/wp-json\/wp\/v2\/types\/post"}],"author":[{"embeddable":true,"href":"https:\/\/www.associationdemarie.org\/blog\/wp-json\/wp\/v2\/users\/2"}],"replies":[{"embeddable":true,"href":"https:\/\/www.associationdemarie.org\/blog\/wp-json\/wp\/v2\/comments?post=12320"}],"version-history":[{"count":1,"href":"https:\/\/www.associationdemarie.org\/blog\/wp-json\/wp\/v2\/posts\/12320\/revisions"}],"predecessor-version":[{"id":12322,"href":"https:\/\/www.associationdemarie.org\/blog\/wp-json\/wp\/v2\/posts\/12320\/revisions\/12322"}],"wp:attachment":[{"href":"https:\/\/www.associationdemarie.org\/blog\/wp-json\/wp\/v2\/media?parent=12320"}],"wp:term":[{"taxonomy":"category","embeddable":true,"href":"https:\/\/www.associationdemarie.org\/blog\/wp-json\/wp\/v2\/categories?post=12320"},{"taxonomy":"post_tag","embeddable":true,"href":"https:\/\/www.associationdemarie.org\/blog\/wp-json\/wp\/v2\/tags?post=12320"}],"curies":[{"name":"wp","href":"https:\/\/api.w.org\/{rel}","templated":true}]}}