{"id":12317,"date":"2016-01-18T01:51:22","date_gmt":"2016-01-18T00:51:22","guid":{"rendered":"http:\/\/www.associationdemarie.org\/blog\/?p=12317"},"modified":"2016-01-01T10:24:23","modified_gmt":"2016-01-01T09:24:23","slug":"lepoux-est-avec-eux-3","status":"publish","type":"post","link":"https:\/\/www.associationdemarie.org\/blog\/lepoux-est-avec-eux-3\/","title":{"rendered":"\u00ab L&rsquo;\u00c9poux est avec eux. \u00bb"},"content":{"rendered":"<p><a href=\"https:\/\/www.associationdemarie.org\/blog\/wp-content\/uploads\/2016\/01\/jc3a9sus-st-jean.jpg\"><img loading=\"lazy\" decoding=\"async\" class=\"aligncenter  wp-image-12318\" src=\"https:\/\/www.associationdemarie.org\/blog\/wp-content\/uploads\/2016\/01\/jc3a9sus-st-jean.jpg\" alt=\"jc3a9sus-st-jean\" width=\"373\" height=\"381\" srcset=\"https:\/\/www.associationdemarie.org\/blog\/wp-content\/uploads\/2016\/01\/jc3a9sus-st-jean.jpg 571w, https:\/\/www.associationdemarie.org\/blog\/wp-content\/uploads\/2016\/01\/jc3a9sus-st-jean-294x300.jpg 294w\" sizes=\"auto, (max-width: 373px) 100vw, 373px\" \/><\/a><\/p>\n<p>\u00ab J&rsquo;exulte de joie dans le Seigneur et mon \u00e2me jubile en mon Dieu \u00bb (Is 61,10)&#8230; L&rsquo;av\u00e8nement, la pr\u00e9sence du Seigneur, dont parle le proph\u00e8te dans ce verset, est ce baiser que d\u00e9sire l&rsquo;\u00e9pouse du Cantique des cantiques lorsqu&rsquo;elle dit : \u00ab Qu&rsquo;il me baise du baiser de sa bouche \u00bb (Ct 1,1). Et cette \u00e9pouse fid\u00e8le c&rsquo;est l&rsquo;\u00c9glise : elle est n\u00e9e dans les patriarches, elle s&rsquo;est fianc\u00e9e en Mo\u00efse et dans les proph\u00e8tes ; du d\u00e9sir ardent de son c\u0153ur, elle soupirait pour que vienne le Bien-Aim\u00e9&#8230; Pleine de joie maintenant qu&rsquo;elle a re\u00e7u ce baiser, elle s&rsquo;\u00e9crie dans son bonheur : \u00ab J&rsquo;exulte de joie dans le Seigneur ! \u00bb<\/p>\n<p>Participant \u00e0 cette joie, Jean Baptiste, l&rsquo;illustre \u00ab ami de l&rsquo;\u00c9poux \u00bb, le confident des secrets de l&rsquo;\u00c9poux et de l&rsquo;\u00e9pouse, le t\u00e9moin de leur amour mutuel, d\u00e9clarait : \u00ab L&rsquo;\u00e9poux est celui \u00e0 qui l&rsquo;\u00e9pouse appartient ; quant \u00e0 l&rsquo;ami de l&rsquo;\u00e9poux, il se tient l\u00e0, il entend la voix de l&rsquo;\u00e9poux et il en est tout joyeux. C&rsquo;est ma joie, et j&rsquo;en suis combl\u00e9 \u00bb (Jn 3,29). Sans aucun doute, celui qui a \u00e9t\u00e9 le pr\u00e9curseur de l&rsquo;\u00c9poux en sa naissance, le pr\u00e9curseur aussi de sa Passion lorsqu&rsquo;il est descendu aux enfers, a annonc\u00e9 la Bonne Nouvelle \u00e0 l&rsquo;\u00c9glise qui se trouvait l\u00e0, dans l&rsquo;attente&#8230;<\/p>\n<p>Ce verset convient donc tout \u00e0 fait \u00e0 l&rsquo;\u00c9glise jubilante, quand, au s\u00e9jour des morts, elle se h\u00e2te d\u00e9j\u00e0 \u00e0 la rencontre de l&rsquo;\u00c9poux : \u00ab J&rsquo;exulte de joie dans le Seigneur, et mon esprit jubile en mon Dieu. Quelle est donc la cause de ma joie ? Quel est le motif de mon exultation ? C&rsquo;est qu&rsquo;il &lsquo;m&rsquo;a rev\u00eatue des v\u00eatements du salut et drap\u00e9e dans le manteau de la joie&rsquo; (v. 11). En Adam, j&rsquo;avais \u00e9t\u00e9 d\u00e9nud\u00e9e, j&rsquo;avais d\u00fb assembler des feuilles de figuier pour cacher ma nudit\u00e9 ; mis\u00e9rablement couverte de tuniques de peau, j&rsquo;avais \u00e9t\u00e9 chass\u00e9e du paradis (Gn 3,7.21). Mais aujourd&rsquo;hui, mon Seigneur et mon Dieu a remplac\u00e9 les feuilles par le v\u00eatement du salut. \u00c0 cause de sa Passion dans notre chair, il m&rsquo;a v\u00eatue d&rsquo;une premi\u00e8re robe, celle du bapt\u00eame et de la r\u00e9mission des p\u00e9ch\u00e9s ; et au lieu de la tunique de peau de la mortalit\u00e9, il m&rsquo;a envelopp\u00e9e d&rsquo;une deuxi\u00e8me robe, celle de la r\u00e9surrection et de l&rsquo;immortalit\u00e9. \u00bb<\/p>\n<p>Rupert de Deutz (v. 1075-1130), moine b\u00e9n\u00e9dictin<br \/>\nLa Trinit\u00e9 et ses \u0153uvres, livre 42, Sur Isa\u00efe, 2, 26 (trad. Sr Isabelle de la Source, Lire la Bible, Mediaspaul, t. 6, p. 156)<\/p>\n<p>&nbsp;<\/p>\n<p>&nbsp;<\/p>\n<p>&nbsp;<\/p>\n","protected":false},"excerpt":{"rendered":"<p>\u00ab J&rsquo;exulte de joie dans le Seigneur et mon \u00e2me jubile en mon Dieu \u00bb (Is 61,10)&#8230; L&rsquo;av\u00e8nement, la pr\u00e9sence du Seigneur, dont parle le proph\u00e8te dans ce verset, est ce baiser que d\u00e9sire l&rsquo;\u00e9pouse du Cantique des cantiques lorsqu&rsquo;elle dit : \u00ab Qu&rsquo;il me baise du baiser de sa bouche \u00bb (Ct 1,1). Et [&hellip;]<\/p>\n","protected":false},"author":2,"featured_media":0,"comment_status":"closed","ping_status":"closed","sticky":false,"template":"","format":"standard","meta":{"footnotes":""},"categories":[3,13,1261,28],"tags":[40,1382,336,369,1401,1042],"class_list":["post-12317","post","type-post","status-publish","format-standard","hentry","category-liturgique","category-ecritures","category-enseignement-2","category-saints-et-saintes","tag-adam","tag-ecritures","tag-eglise","tag-epoux","tag-rupert-de-deutz","tag-st-jean-baptiste"],"_links":{"self":[{"href":"https:\/\/www.associationdemarie.org\/blog\/wp-json\/wp\/v2\/posts\/12317","targetHints":{"allow":["GET"]}}],"collection":[{"href":"https:\/\/www.associationdemarie.org\/blog\/wp-json\/wp\/v2\/posts"}],"about":[{"href":"https:\/\/www.associationdemarie.org\/blog\/wp-json\/wp\/v2\/types\/post"}],"author":[{"embeddable":true,"href":"https:\/\/www.associationdemarie.org\/blog\/wp-json\/wp\/v2\/users\/2"}],"replies":[{"embeddable":true,"href":"https:\/\/www.associationdemarie.org\/blog\/wp-json\/wp\/v2\/comments?post=12317"}],"version-history":[{"count":1,"href":"https:\/\/www.associationdemarie.org\/blog\/wp-json\/wp\/v2\/posts\/12317\/revisions"}],"predecessor-version":[{"id":12319,"href":"https:\/\/www.associationdemarie.org\/blog\/wp-json\/wp\/v2\/posts\/12317\/revisions\/12319"}],"wp:attachment":[{"href":"https:\/\/www.associationdemarie.org\/blog\/wp-json\/wp\/v2\/media?parent=12317"}],"wp:term":[{"taxonomy":"category","embeddable":true,"href":"https:\/\/www.associationdemarie.org\/blog\/wp-json\/wp\/v2\/categories?post=12317"},{"taxonomy":"post_tag","embeddable":true,"href":"https:\/\/www.associationdemarie.org\/blog\/wp-json\/wp\/v2\/tags?post=12317"}],"curies":[{"name":"wp","href":"https:\/\/api.w.org\/{rel}","templated":true}]}}