{"id":12315,"date":"2015-12-31T18:26:58","date_gmt":"2015-12-31T17:26:58","guid":{"rendered":"http:\/\/www.associationdemarie.org\/blog\/?p=12315"},"modified":"2015-12-31T18:26:58","modified_gmt":"2015-12-31T17:26:58","slug":"te-deum","status":"publish","type":"post","link":"https:\/\/www.associationdemarie.org\/blog\/te-deum\/","title":{"rendered":"Te Deum"},"content":{"rendered":"<p><strong>Que votre mis\u00e9ricorde, Seigneur, se r\u00e9pande sur nous,<\/strong><br \/>\n<strong> selon l&rsquo;esp\u00e9rance que nous avons mise en vous.<\/strong><br \/>\n<strong> C&rsquo;est en vous, Seigneur, que j&rsquo;ai esp\u00e9r\u00e9,<\/strong><br \/>\n<strong> je ne serai pas confondu \u00e0 jamais.<\/strong><\/p>\n<p>&nbsp;<\/p>\n<p><iframe loading=\"lazy\" title=\"Gregorian chant - Te Deum\" width=\"500\" height=\"281\" src=\"https:\/\/www.youtube.com\/embed\/c_gcJc1MmCQ?feature=oembed\" frameborder=\"0\" allow=\"accelerometer; autoplay; clipboard-write; encrypted-media; gyroscope; picture-in-picture; web-share\" referrerpolicy=\"strict-origin-when-cross-origin\" allowfullscreen><\/iframe><\/p>\n<p>&nbsp;<\/p>\n<p>&nbsp;<\/p>\n<p>&nbsp;<\/p>\n","protected":false},"excerpt":{"rendered":"<p>Que votre mis\u00e9ricorde, Seigneur, se r\u00e9pande sur nous, selon l&rsquo;esp\u00e9rance que nous avons mise en vous. C&rsquo;est en vous, Seigneur, que j&rsquo;ai esp\u00e9r\u00e9, je ne serai pas confondu \u00e0 jamais. &nbsp; &nbsp; &nbsp; &nbsp;<\/p>\n","protected":false},"author":2,"featured_media":0,"comment_status":"closed","ping_status":"closed","sticky":false,"template":"","format":"standard","meta":{"footnotes":""},"categories":[2,27],"tags":[831,1127],"class_list":["post-12315","post","type-post","status-publish","format-standard","hentry","category-actualites","category-prieres","tag-priere-et-chant","tag-te-deum"],"_links":{"self":[{"href":"https:\/\/www.associationdemarie.org\/blog\/wp-json\/wp\/v2\/posts\/12315","targetHints":{"allow":["GET"]}}],"collection":[{"href":"https:\/\/www.associationdemarie.org\/blog\/wp-json\/wp\/v2\/posts"}],"about":[{"href":"https:\/\/www.associationdemarie.org\/blog\/wp-json\/wp\/v2\/types\/post"}],"author":[{"embeddable":true,"href":"https:\/\/www.associationdemarie.org\/blog\/wp-json\/wp\/v2\/users\/2"}],"replies":[{"embeddable":true,"href":"https:\/\/www.associationdemarie.org\/blog\/wp-json\/wp\/v2\/comments?post=12315"}],"version-history":[{"count":1,"href":"https:\/\/www.associationdemarie.org\/blog\/wp-json\/wp\/v2\/posts\/12315\/revisions"}],"predecessor-version":[{"id":12316,"href":"https:\/\/www.associationdemarie.org\/blog\/wp-json\/wp\/v2\/posts\/12315\/revisions\/12316"}],"wp:attachment":[{"href":"https:\/\/www.associationdemarie.org\/blog\/wp-json\/wp\/v2\/media?parent=12315"}],"wp:term":[{"taxonomy":"category","embeddable":true,"href":"https:\/\/www.associationdemarie.org\/blog\/wp-json\/wp\/v2\/categories?post=12315"},{"taxonomy":"post_tag","embeddable":true,"href":"https:\/\/www.associationdemarie.org\/blog\/wp-json\/wp\/v2\/tags?post=12315"}],"curies":[{"name":"wp","href":"https:\/\/api.w.org\/{rel}","templated":true}]}}