{"id":12296,"date":"2016-01-15T01:24:31","date_gmt":"2016-01-15T00:24:31","guid":{"rendered":"http:\/\/www.associationdemarie.org\/blog\/?p=12296"},"modified":"2015-12-29T08:42:54","modified_gmt":"2015-12-29T07:42:54","slug":"qui-peut-pardonner-les-peches-sinon-dieu-seul-2","status":"publish","type":"post","link":"https:\/\/www.associationdemarie.org\/blog\/qui-peut-pardonner-les-peches-sinon-dieu-seul-2\/","title":{"rendered":"\u00ab Qui peut pardonner les p\u00e9ch\u00e9s, sinon Dieu seul ? \u00bb"},"content":{"rendered":"<p><a href=\"https:\/\/www.associationdemarie.org\/blog\/wp-content\/uploads\/2015\/12\/confession.jpg\"><img loading=\"lazy\" decoding=\"async\" class=\"aligncenter  wp-image-12297\" src=\"https:\/\/www.associationdemarie.org\/blog\/wp-content\/uploads\/2015\/12\/confession.jpg\" alt=\"confession\" width=\"485\" height=\"284\" srcset=\"https:\/\/www.associationdemarie.org\/blog\/wp-content\/uploads\/2015\/12\/confession.jpg 800w, https:\/\/www.associationdemarie.org\/blog\/wp-content\/uploads\/2015\/12\/confession-300x176.jpg 300w\" sizes=\"auto, (max-width: 485px) 100vw, 485px\" \/><\/a><\/p>\n<p>\u00ab Des gens lui am\u00e8nent un paralytique. \u00bb Les \u00e9vang\u00e9listes racontent qu&rsquo;apr\u00e8s avoir perc\u00e9 le toit ils ont descendu le malade et l&rsquo;ont d\u00e9pos\u00e9 devant le Christ, sans rien demander, laissant faire J\u00e9sus. Au d\u00e9but de son minist\u00e8re, dans toute la Jud\u00e9e, c&rsquo;est lui qui faisait les premiers pas et n&rsquo;exigeait pas une si grande foi ; ici ce sont eux qui sont venus vers lui et une foi courageuse et vive leur a \u00e9t\u00e9 demand\u00e9e : \u00ab J\u00e9sus, voyant leur foi \u00bb, dit l\u2019\u00c9vangile, c&rsquo;est-\u00e0-dire la foi de ceux qui avaient port\u00e9 le paralytique&#8230; Le malade aussi avait une grande foi, car il ne se serait pas laiss\u00e9 transporter s&rsquo;il n&rsquo;avait pas eu confiance en J\u00e9sus.<\/p>\n<p>Devant tant de foi, J\u00e9sus montre sa puissance et, avec une autorit\u00e9 divine, pardonne les p\u00e9ch\u00e9s du malade, donnant ainsi une preuve de son \u00e9galit\u00e9 avec son P\u00e8re. Il avait d\u00e9j\u00e0 montr\u00e9 cette \u00e9galit\u00e9 quand il a gu\u00e9ri le l\u00e9preux en disant \u00ab Je le veux, sois gu\u00e9ri \u00bb, quand il a calm\u00e9 la mer d\u00e9cha\u00een\u00e9e et quand il a chass\u00e9 les d\u00e9mons qui ont reconnu en lui leur souverain et leur juge&#8230; Ici il la montre d&rsquo;abord sans \u00e9clat : il ne s&rsquo;est pas press\u00e9 de gu\u00e9rir ext\u00e9rieurement celui qu&rsquo;on lui pr\u00e9sentait. Il a commenc\u00e9 par un miracle invisible ; il a d&rsquo;abord gu\u00e9ri l&rsquo;\u00e2me de cet homme en lui pardonnant ses p\u00e9ch\u00e9s. Certes, cette gu\u00e9rison \u00e9tait infiniment plus avantageuse \u00e0 cet homme, mais cela apportait peu de gloire au Christ. Alors certains, pouss\u00e9s par leur m\u00e9chancet\u00e9, ont voulu lui nuire ; mais ils ont, malgr\u00e9 eux, rendu le miracle plus \u00e9clatant.<\/p>\n<p>Saint Jean Chrysostome (v. 345-407), pr\u00eatre \u00e0 Antioche puis \u00e9v\u00eaque de Constantinople, docteur de l&rsquo;\u00c9glise<br \/>\nHom\u00e9lies sur saint Matthieu, 29, 1-3 (trad. cf. V\u00e9ricel, L&rsquo;Evangile comment\u00e9, p. 102)<\/p>\n<p>&nbsp;<\/p>\n<p>&nbsp;<\/p>\n<p>&nbsp;<\/p>\n","protected":false},"excerpt":{"rendered":"<p>\u00ab Des gens lui am\u00e8nent un paralytique. \u00bb Les \u00e9vang\u00e9listes racontent qu&rsquo;apr\u00e8s avoir perc\u00e9 le toit ils ont descendu le malade et l&rsquo;ont d\u00e9pos\u00e9 devant le Christ, sans rien demander, laissant faire J\u00e9sus. Au d\u00e9but de son minist\u00e8re, dans toute la Jud\u00e9e, c&rsquo;est lui qui faisait les premiers pas et n&rsquo;exigeait pas une si grande [&hellip;]<\/p>\n","protected":false},"author":2,"featured_media":0,"comment_status":"closed","ping_status":"closed","sticky":false,"template":"","format":"standard","meta":{"footnotes":""},"categories":[3,13,1261,28],"tags":[389,465,678,868,1043],"class_list":["post-12296","post","type-post","status-publish","format-standard","hentry","category-liturgique","category-ecritures","category-enseignement-2","category-saints-et-saintes","tag-evangile","tag-guerison","tag-misericorde","tag-reconciliation","tag-st-jean-chrysostome"],"_links":{"self":[{"href":"https:\/\/www.associationdemarie.org\/blog\/wp-json\/wp\/v2\/posts\/12296","targetHints":{"allow":["GET"]}}],"collection":[{"href":"https:\/\/www.associationdemarie.org\/blog\/wp-json\/wp\/v2\/posts"}],"about":[{"href":"https:\/\/www.associationdemarie.org\/blog\/wp-json\/wp\/v2\/types\/post"}],"author":[{"embeddable":true,"href":"https:\/\/www.associationdemarie.org\/blog\/wp-json\/wp\/v2\/users\/2"}],"replies":[{"embeddable":true,"href":"https:\/\/www.associationdemarie.org\/blog\/wp-json\/wp\/v2\/comments?post=12296"}],"version-history":[{"count":1,"href":"https:\/\/www.associationdemarie.org\/blog\/wp-json\/wp\/v2\/posts\/12296\/revisions"}],"predecessor-version":[{"id":12298,"href":"https:\/\/www.associationdemarie.org\/blog\/wp-json\/wp\/v2\/posts\/12296\/revisions\/12298"}],"wp:attachment":[{"href":"https:\/\/www.associationdemarie.org\/blog\/wp-json\/wp\/v2\/media?parent=12296"}],"wp:term":[{"taxonomy":"category","embeddable":true,"href":"https:\/\/www.associationdemarie.org\/blog\/wp-json\/wp\/v2\/categories?post=12296"},{"taxonomy":"post_tag","embeddable":true,"href":"https:\/\/www.associationdemarie.org\/blog\/wp-json\/wp\/v2\/tags?post=12296"}],"curies":[{"name":"wp","href":"https:\/\/api.w.org\/{rel}","templated":true}]}}