{"id":12287,"date":"2016-01-13T01:29:57","date_gmt":"2016-01-13T00:29:57","guid":{"rendered":"http:\/\/www.associationdemarie.org\/blog\/?p=12287"},"modified":"2015-12-27T08:36:17","modified_gmt":"2015-12-27T07:36:17","slug":"bien-avant-laube-jesus-se-leva-il-sortit-et-alla-dans-un-endroit-desert","status":"publish","type":"post","link":"https:\/\/www.associationdemarie.org\/blog\/bien-avant-laube-jesus-se-leva-il-sortit-et-alla-dans-un-endroit-desert\/","title":{"rendered":"\u00ab Bien avant l&rsquo;aube, J\u00e9sus se leva. Il sortit et alla dans un endroit d\u00e9sert. \u00bb"},"content":{"rendered":"<p><a href=\"https:\/\/www.associationdemarie.org\/blog\/wp-content\/uploads\/2015\/12\/adoration.jpg\"><img loading=\"lazy\" decoding=\"async\" class=\"aligncenter  wp-image-12288\" src=\"https:\/\/www.associationdemarie.org\/blog\/wp-content\/uploads\/2015\/12\/adoration.jpg\" alt=\"adoration\" width=\"431\" height=\"164\" srcset=\"https:\/\/www.associationdemarie.org\/blog\/wp-content\/uploads\/2015\/12\/adoration.jpg 1389w, https:\/\/www.associationdemarie.org\/blog\/wp-content\/uploads\/2015\/12\/adoration-300x114.jpg 300w, https:\/\/www.associationdemarie.org\/blog\/wp-content\/uploads\/2015\/12\/adoration-1024x390.jpg 1024w\" sizes=\"auto, (max-width: 431px) 100vw, 431px\" \/><\/a><\/p>\n<p>Rien ne rend l&rsquo;\u00e2me pure et joyeuse, ni ne l&rsquo;illumine et en \u00e9loigne les pens\u00e9es mauvaises, autant que les veilles. Pour cette raison, tous nos p\u00e8res ont pers\u00e9v\u00e9r\u00e9 dans ce labeur des veilles et ont adopt\u00e9 pour r\u00e8gle de rester \u00e9veill\u00e9s la nuit durant tout le cours de leur vie asc\u00e9tique. Ils l&rsquo;ont fait sp\u00e9cialement parce qu&rsquo;ils avaient entendu notre Sauveur nous y inviter instamment en divers endroits par sa vivante Parole : \u00ab Veillez et priez en tout temps \u00bb (Lc 21,36) ; \u00ab Veillez et priez pour ne pas entrer en tentation \u00bb (Mt 26,41) ; et encore : \u00ab Priez sans cesse \u00bb (1Th 5,17).<\/p>\n<p>Et il ne s&rsquo;est pas content\u00e9 de nous avertir seulement par ses paroles. Il nous a donn\u00e9 aussi l&rsquo;exemple en sa personne en honorant la pratique de la pri\u00e8re au-dessus de toute autre chose. C&rsquo;est pourquoi il s&rsquo;isolait constamment pour la pri\u00e8re, et cela non d&rsquo;une fa\u00e7on arbitraire, mais en choisissant pour temps la nuit et pour lieu le d\u00e9sert, afin que nous aussi, \u00e9vitant les foules et le tumulte, nous devenions capables de prier dans la solitude.<\/p>\n<p>C&rsquo;est pourquoi nos p\u00e8res ont re\u00e7u ce haut enseignement concernant la pri\u00e8re comme s&rsquo;il venait du Christ lui-m\u00eame. Et ils ont choisi de veiller dans la pri\u00e8re selon l&rsquo;ordre de l&rsquo;ap\u00f4tre Paul, avant tout afin de pouvoir demeurer sans aucune interruption dans la proximit\u00e9 de Dieu par la pri\u00e8re continuelle&#8230; Aucune chose venant du dehors ne les atteint et n&rsquo;alt\u00e8re la puret\u00e9 de leur intellect, ce qui troublerait ces veilles qui les remplissent de joie et qui sont la lumi\u00e8re de l&rsquo;\u00e2me.<\/p>\n<p>Isaac le Syrien (7e si\u00e8cle), moine pr\u00e8s de Mossoul<br \/>\nDiscours asc\u00e9tiques (trad. Deseille, La Fournaise de Babylone, Eds. Pr\u00e9sence 1974, p. 88)<\/p>\n<p>&nbsp;<\/p>\n<p>&nbsp;<\/p>\n<p>&nbsp;<\/p>\n<p>&nbsp;<\/p>\n","protected":false},"excerpt":{"rendered":"<p>Rien ne rend l&rsquo;\u00e2me pure et joyeuse, ni ne l&rsquo;illumine et en \u00e9loigne les pens\u00e9es mauvaises, autant que les veilles. Pour cette raison, tous nos p\u00e8res ont pers\u00e9v\u00e9r\u00e9 dans ce labeur des veilles et ont adopt\u00e9 pour r\u00e8gle de rester \u00e9veill\u00e9s la nuit durant tout le cours de leur vie asc\u00e9tique. Ils l&rsquo;ont fait sp\u00e9cialement [&hellip;]<\/p>\n","protected":false},"author":2,"featured_media":0,"comment_status":"closed","ping_status":"closed","sticky":false,"template":"","format":"standard","meta":{"footnotes":""},"categories":[3,13,1261,28],"tags":[509,833,1175],"class_list":["post-12287","post","type-post","status-publish","format-standard","hentry","category-liturgique","category-ecritures","category-enseignement-2","category-saints-et-saintes","tag-isaac-le-syrien","tag-priez","tag-veillez"],"_links":{"self":[{"href":"https:\/\/www.associationdemarie.org\/blog\/wp-json\/wp\/v2\/posts\/12287","targetHints":{"allow":["GET"]}}],"collection":[{"href":"https:\/\/www.associationdemarie.org\/blog\/wp-json\/wp\/v2\/posts"}],"about":[{"href":"https:\/\/www.associationdemarie.org\/blog\/wp-json\/wp\/v2\/types\/post"}],"author":[{"embeddable":true,"href":"https:\/\/www.associationdemarie.org\/blog\/wp-json\/wp\/v2\/users\/2"}],"replies":[{"embeddable":true,"href":"https:\/\/www.associationdemarie.org\/blog\/wp-json\/wp\/v2\/comments?post=12287"}],"version-history":[{"count":1,"href":"https:\/\/www.associationdemarie.org\/blog\/wp-json\/wp\/v2\/posts\/12287\/revisions"}],"predecessor-version":[{"id":12289,"href":"https:\/\/www.associationdemarie.org\/blog\/wp-json\/wp\/v2\/posts\/12287\/revisions\/12289"}],"wp:attachment":[{"href":"https:\/\/www.associationdemarie.org\/blog\/wp-json\/wp\/v2\/media?parent=12287"}],"wp:term":[{"taxonomy":"category","embeddable":true,"href":"https:\/\/www.associationdemarie.org\/blog\/wp-json\/wp\/v2\/categories?post=12287"},{"taxonomy":"post_tag","embeddable":true,"href":"https:\/\/www.associationdemarie.org\/blog\/wp-json\/wp\/v2\/tags?post=12287"}],"curies":[{"name":"wp","href":"https:\/\/api.w.org\/{rel}","templated":true}]}}