{"id":12237,"date":"2016-01-05T01:37:37","date_gmt":"2016-01-05T00:37:37","guid":{"rendered":"http:\/\/www.associationdemarie.org\/blog\/?p=12237"},"modified":"2015-12-19T08:39:40","modified_gmt":"2015-12-19T07:39:40","slug":"essence-divine","status":"publish","type":"post","link":"https:\/\/www.associationdemarie.org\/blog\/essence-divine\/","title":{"rendered":"Essence divine"},"content":{"rendered":"<p><a href=\"https:\/\/www.associationdemarie.org\/blog\/wp-content\/uploads\/2015\/12\/2013110969_suiveur_4N.jpg\"><img loading=\"lazy\" decoding=\"async\" class=\"alignright size-full wp-image-12238\" src=\"https:\/\/www.associationdemarie.org\/blog\/wp-content\/uploads\/2015\/12\/2013110969_suiveur_4N.jpg\" alt=\"2013110969_suiveur_4N\" width=\"240\" height=\"240\" srcset=\"https:\/\/www.associationdemarie.org\/blog\/wp-content\/uploads\/2015\/12\/2013110969_suiveur_4N.jpg 240w, https:\/\/www.associationdemarie.org\/blog\/wp-content\/uploads\/2015\/12\/2013110969_suiveur_4N-150x150.jpg 150w\" sizes=\"auto, (max-width: 240px) 100vw, 240px\" \/><\/a>[Sainte Catherine a entendu J\u00e9sus lui dire :] \u00ab C&rsquo;est toute l&rsquo;Essence divine que vous recevez en ce tr\u00e8s doux sacrement, sous cette blancheur du pain. Comme le soleil est indivisible, ainsi Dieu se trouve tout entier et l&rsquo;homme tout entier dans la blancheur de l&rsquo;hostie. M\u00eame si on divisait l&rsquo;hostie en mille et mille miettes s&rsquo;il \u00e9tait possible, en chacune je suis encore, Dieu tout entier, homme tout entier, comme je t&rsquo;ai dit&#8230;<\/p>\n<p>\u00ab Supposons qu&rsquo;il y ait plusieurs personnes \u00e0 venir chercher de la lumi\u00e8re avec des cierges. L&rsquo;une apporte un cierge d&rsquo;une once, l&rsquo;autre de deux onces, un troisi\u00e8me de trois onces, celle-ci d&rsquo;une livre, celle-l\u00e0, de plus encore. Toutes s&rsquo;approchent de la lumi\u00e8re et chacune allume son cierge. Dans chaque cierge allum\u00e9, quel que soit son volume, l&rsquo;on voit d\u00e9sormais la lumi\u00e8re tout enti\u00e8re, sa couleur, sa chaleur et son \u00e9clat&#8230; Voil\u00e0 ce qui arrive \u00e0 ceux qui s&rsquo;approchent de ce sacrement. Chacun apporte son cierge, c&rsquo;est-\u00e0-dire le saint d\u00e9sir avec lequel il re\u00e7oit et prend ce sacrement. Le cierge est \u00e9teint, et il s&rsquo;allume lorsqu&rsquo;on re\u00e7oit ce sacrement. Je dis qu&rsquo;il est \u00e9teint parce que par vous-m\u00eames vous n&rsquo;\u00eates rien. Je vous ai donn\u00e9, il est vrai, la mati\u00e8re avec laquelle vous pouvez recevoir et conserver en vous cette lumi\u00e8re. Cette mati\u00e8re, c&rsquo;est l&rsquo;amour, parce que je vous ai cr\u00e9\u00e9s par amour ; c&rsquo;est pourquoi vous ne pouvez pas vivre sans amour. \u00bb<\/p>\n<p>Sainte Catherine de Sienne (1347-1380), tertiaire dominicaine, docteur de l&rsquo;\u00c9glise, copatronne de l&rsquo;Europe<br \/>\nLe Dialogue (trad. Hurtaud, 1931, t. 2 p.4 -5)<\/p>\n<p>&nbsp;<\/p>\n<p>&nbsp;<\/p>\n","protected":false},"excerpt":{"rendered":"<p>[Sainte Catherine a entendu J\u00e9sus lui dire :] \u00ab C&rsquo;est toute l&rsquo;Essence divine que vous recevez en ce tr\u00e8s doux sacrement, sous cette blancheur du pain. Comme le soleil est indivisible, ainsi Dieu se trouve tout entier et l&rsquo;homme tout entier dans la blancheur de l&rsquo;hostie. M\u00eame si on divisait l&rsquo;hostie en mille et mille [&hellip;]<\/p>\n","protected":false},"author":2,"featured_media":0,"comment_status":"closed","ping_status":"closed","sticky":false,"template":"","format":"standard","meta":{"footnotes":""},"categories":[3,28],"tags":[246,385,535,1089],"class_list":["post-12237","post","type-post","status-publish","format-standard","hentry","category-liturgique","category-saints-et-saintes","tag-communion","tag-eucharistie","tag-jesus","tag-ste-catherine-de-sienne"],"_links":{"self":[{"href":"https:\/\/www.associationdemarie.org\/blog\/wp-json\/wp\/v2\/posts\/12237","targetHints":{"allow":["GET"]}}],"collection":[{"href":"https:\/\/www.associationdemarie.org\/blog\/wp-json\/wp\/v2\/posts"}],"about":[{"href":"https:\/\/www.associationdemarie.org\/blog\/wp-json\/wp\/v2\/types\/post"}],"author":[{"embeddable":true,"href":"https:\/\/www.associationdemarie.org\/blog\/wp-json\/wp\/v2\/users\/2"}],"replies":[{"embeddable":true,"href":"https:\/\/www.associationdemarie.org\/blog\/wp-json\/wp\/v2\/comments?post=12237"}],"version-history":[{"count":1,"href":"https:\/\/www.associationdemarie.org\/blog\/wp-json\/wp\/v2\/posts\/12237\/revisions"}],"predecessor-version":[{"id":12239,"href":"https:\/\/www.associationdemarie.org\/blog\/wp-json\/wp\/v2\/posts\/12237\/revisions\/12239"}],"wp:attachment":[{"href":"https:\/\/www.associationdemarie.org\/blog\/wp-json\/wp\/v2\/media?parent=12237"}],"wp:term":[{"taxonomy":"category","embeddable":true,"href":"https:\/\/www.associationdemarie.org\/blog\/wp-json\/wp\/v2\/categories?post=12237"},{"taxonomy":"post_tag","embeddable":true,"href":"https:\/\/www.associationdemarie.org\/blog\/wp-json\/wp\/v2\/tags?post=12237"}],"curies":[{"name":"wp","href":"https:\/\/api.w.org\/{rel}","templated":true}]}}