{"id":12202,"date":"2016-01-01T01:52:55","date_gmt":"2016-01-01T00:52:55","guid":{"rendered":"http:\/\/www.associationdemarie.org\/blog\/?p=12202"},"modified":"2015-12-17T19:27:33","modified_gmt":"2015-12-17T18:27:33","slug":"evangile-de-jesus-christ-selon-saint-luc-216-21","status":"publish","type":"post","link":"https:\/\/www.associationdemarie.org\/blog\/evangile-de-jesus-christ-selon-saint-luc-216-21\/","title":{"rendered":"\u00c9vangile de J\u00e9sus Christ selon saint Luc 2,16-21."},"content":{"rendered":"<p>En ce temps-l\u00e0, les bergers se h\u00e2t\u00e8rent d\u2019aller \u00e0 Bethl\u00e9em, et ils d\u00e9couvrirent Marie et Joseph, avec le nouveau-n\u00e9 couch\u00e9 dans la mangeoire.<br \/>\nApr\u00e8s avoir vu, ils racont\u00e8rent ce qui leur avait \u00e9t\u00e9 annonc\u00e9 au sujet de cet enfant.<br \/>\nEt tous ceux qui entendirent s\u2019\u00e9tonnaient de ce que leur racontaient les bergers.<br \/>\nMarie, cependant, retenait tous ces \u00e9v\u00e9nements et les m\u00e9ditait dans son c\u0153ur.<br \/>\nLes bergers repartirent ; ils glorifiaient et louaient Dieu pour tout ce qu\u2019ils avaient entendu et vu, selon ce qui leur avait \u00e9t\u00e9 annonc\u00e9.<br \/>\nQuand fut arriv\u00e9 le huiti\u00e8me jour, celui de la circoncision, l\u2019enfant re\u00e7ut le nom de J\u00e9sus, le nom que l\u2019ange lui avait donn\u00e9 avant sa conception.<\/p>\n<p><a href=\"https:\/\/www.associationdemarie.org\/blog\/wp-content\/uploads\/2015\/12\/2nn0rLZx4CynuX3tBWG2slTl9So@500x484.gif\"><img loading=\"lazy\" decoding=\"async\" class=\"aligncenter wp-image-12203\" src=\"https:\/\/www.associationdemarie.org\/blog\/wp-content\/uploads\/2015\/12\/2nn0rLZx4CynuX3tBWG2slTl9So@500x484.gif\" alt=\"2nn0rLZx4CynuX3tBWG2slTl9So@500x484\" width=\"393\" height=\"380\" \/><\/a><\/p>\n<p>L&rsquo;Immacul\u00e9e annonce l&rsquo;aube du jour \u00e9ternel et nous soutient et nous guide tout au long du chemin qui nous en s\u00e9pare encore. Pour cette raison l&rsquo;hymne liturgique \u00ab Salut, \u00e9toile du matin \u00bb est une douce invocation : \u00ab Fais en sorte que, croyant en J\u00e9sus avec toi, avec toi nous puissions en jouir \u00bb. C&rsquo;est \u00e0 cette fin, couronnement d&rsquo;une vie de gr\u00e2ce, que doivent tendre les battements de notre c\u0153ur et les efforts les plus g\u00e9n\u00e9reux de notre fid\u00e9lit\u00e9 de chr\u00e9tiens. Prenons courage, enfants, nous ne serons pas toujours dans le trouble. Marie, \u00ab tu es notre force \u00bb !<\/p>\n<p>\u00d4 Marie, image radieuse de gr\u00e2ce et de puret\u00e9, en paraissant tu as dissip\u00e9 les t\u00e9n\u00e8bres de la nuit et nous as \u00e9lev\u00e9s aux splendeurs du ciel : sois propice \u00e0 tes enfants. Pr\u00e9pare nos pens\u00e9es \u00e0 la venue du Soleil de justice (Ml 3,20) que tu as donn\u00e9 au monde. Porte du ciel, fais que nos c\u0153urs aspirent au paradis. Miroir de justice, conserve en nous l&rsquo;amour de la gr\u00e2ce divine, afin que dans l&rsquo;humilit\u00e9 et la joie, nous accomplissions notre vocation chr\u00e9tienne ; que nous puissions jouir toujours de l&rsquo;amiti\u00e9 du Seigneur et recevoir tes consolations maternelles.<\/p>\n<p>Saint Jean XXIII (1881-1963), pape<br \/>\nDiscorsi II, p. 53<\/p>\n<p>&nbsp;<\/p>\n<p><a href=\"https:\/\/www.associationdemarie.org\/blog\/wp-content\/uploads\/2015\/12\/voeux38.gif\"><img loading=\"lazy\" decoding=\"async\" class=\"aligncenter wp-image-12204\" src=\"https:\/\/www.associationdemarie.org\/blog\/wp-content\/uploads\/2015\/12\/voeux38.gif\" alt=\"voeux38\" width=\"368\" height=\"368\" \/><\/a><\/p>\n<p>&nbsp;<\/p>\n<p>&nbsp;<\/p>\n<p>&nbsp;<\/p>\n","protected":false},"excerpt":{"rendered":"<p>En ce temps-l\u00e0, les bergers se h\u00e2t\u00e8rent d\u2019aller \u00e0 Bethl\u00e9em, et ils d\u00e9couvrirent Marie et Joseph, avec le nouveau-n\u00e9 couch\u00e9 dans la mangeoire. Apr\u00e8s avoir vu, ils racont\u00e8rent ce qui leur avait \u00e9t\u00e9 annonc\u00e9 au sujet de cet enfant. Et tous ceux qui entendirent s\u2019\u00e9tonnaient de ce que leur racontaient les bergers. Marie, cependant, retenait [&hellip;]<\/p>\n","protected":false},"author":2,"featured_media":0,"comment_status":"closed","ping_status":"closed","sticky":false,"template":"","format":"standard","meta":{"footnotes":""},"categories":[2,3,13,1261,28],"tags":[1382,1252,1100],"class_list":["post-12202","post","type-post","status-publish","format-standard","hentry","category-actualites","category-liturgique","category-ecritures","category-enseignement-2","category-saints-et-saintes","tag-ecritures","tag-st-jean-23","tag-ste-marie"],"_links":{"self":[{"href":"https:\/\/www.associationdemarie.org\/blog\/wp-json\/wp\/v2\/posts\/12202","targetHints":{"allow":["GET"]}}],"collection":[{"href":"https:\/\/www.associationdemarie.org\/blog\/wp-json\/wp\/v2\/posts"}],"about":[{"href":"https:\/\/www.associationdemarie.org\/blog\/wp-json\/wp\/v2\/types\/post"}],"author":[{"embeddable":true,"href":"https:\/\/www.associationdemarie.org\/blog\/wp-json\/wp\/v2\/users\/2"}],"replies":[{"embeddable":true,"href":"https:\/\/www.associationdemarie.org\/blog\/wp-json\/wp\/v2\/comments?post=12202"}],"version-history":[{"count":2,"href":"https:\/\/www.associationdemarie.org\/blog\/wp-json\/wp\/v2\/posts\/12202\/revisions"}],"predecessor-version":[{"id":12206,"href":"https:\/\/www.associationdemarie.org\/blog\/wp-json\/wp\/v2\/posts\/12202\/revisions\/12206"}],"wp:attachment":[{"href":"https:\/\/www.associationdemarie.org\/blog\/wp-json\/wp\/v2\/media?parent=12202"}],"wp:term":[{"taxonomy":"category","embeddable":true,"href":"https:\/\/www.associationdemarie.org\/blog\/wp-json\/wp\/v2\/categories?post=12202"},{"taxonomy":"post_tag","embeddable":true,"href":"https:\/\/www.associationdemarie.org\/blog\/wp-json\/wp\/v2\/tags?post=12202"}],"curies":[{"name":"wp","href":"https:\/\/api.w.org\/{rel}","templated":true}]}}