{"id":12189,"date":"2015-12-29T01:17:09","date_gmt":"2015-12-29T00:17:09","guid":{"rendered":"http:\/\/www.associationdemarie.org\/blog\/?p=12189"},"modified":"2015-12-13T08:26:11","modified_gmt":"2015-12-13T07:26:11","slug":"premiere-lettre-de-saint-jean-23-11","status":"publish","type":"post","link":"https:\/\/www.associationdemarie.org\/blog\/premiere-lettre-de-saint-jean-23-11\/","title":{"rendered":"Premi\u00e8re lettre de saint Jean 2,3-11."},"content":{"rendered":"<p><a href=\"https:\/\/www.associationdemarie.org\/blog\/wp-content\/uploads\/2015\/12\/Marcher-dans-la-lumi\u00e8re1.jpg\"><img loading=\"lazy\" decoding=\"async\" class=\"aligncenter  wp-image-12190\" src=\"https:\/\/www.associationdemarie.org\/blog\/wp-content\/uploads\/2015\/12\/Marcher-dans-la-lumi\u00e8re1.jpg\" alt=\"Marcher-dans-la-lumi\u00e8re1\" width=\"398\" height=\"385\" srcset=\"https:\/\/www.associationdemarie.org\/blog\/wp-content\/uploads\/2015\/12\/Marcher-dans-la-lumi\u00e8re1.jpg 492w, https:\/\/www.associationdemarie.org\/blog\/wp-content\/uploads\/2015\/12\/Marcher-dans-la-lumi\u00e8re1-300x290.jpg 300w\" sizes=\"auto, (max-width: 398px) 100vw, 398px\" \/><\/a><\/p>\n<p>Bien-aim\u00e9s, voici comment nous savons que nous le connaissons : si nous gardons ses commandements.<br \/>\nCelui qui dit : \u00ab Je le connais \u00bb, et qui ne garde pas ses commandements, est un menteur : la v\u00e9rit\u00e9 n\u2019est pas en lui.<br \/>\nMais en celui qui garde sa parole, l\u2019amour de Dieu atteint vraiment la perfection : voil\u00e0 comment nous savons que nous sommes en lui.<br \/>\nCelui qui d\u00e9clare demeurer en lui doit, lui aussi, marcher comme J\u00e9sus lui-m\u00eame a march\u00e9.<br \/>\nBien-aim\u00e9s, ce n\u2019est pas un commandement nouveau que je vous \u00e9cris, mais un commandement ancien que vous aviez depuis le commencement. La parole que vous avez entendue, c\u2019est le commandement ancien.<br \/>\nEt pourtant, c\u2019est un commandement nouveau que je vous \u00e9cris ; ce qui est vrai en cette parole l\u2019est aussi en vous ; en effet, les t\u00e9n\u00e8bres passent et d\u00e9j\u00e0 brille la vraie lumi\u00e8re.<br \/>\nCelui qui d\u00e9clare \u00eatre dans la lumi\u00e8re et qui a de la haine contre son fr\u00e8re est dans les t\u00e9n\u00e8bres jusqu\u2019\u00e0 maintenant.<br \/>\nCelui qui aime son fr\u00e8re demeure dans la lumi\u00e8re, et il n\u2019y a en lui aucune occasion de chute.<br \/>\nMais celui qui a de la haine contre son fr\u00e8re est dans les t\u00e9n\u00e8bres : il marche dans les t\u00e9n\u00e8bres sans savoir o\u00f9 il va, parce que les t\u00e9n\u00e8bres ont aveugl\u00e9 ses yeux.<\/p>\n<p>&nbsp;<\/p>\n","protected":false},"excerpt":{"rendered":"<p>Bien-aim\u00e9s, voici comment nous savons que nous le connaissons : si nous gardons ses commandements. Celui qui dit : \u00ab Je le connais \u00bb, et qui ne garde pas ses commandements, est un menteur : la v\u00e9rit\u00e9 n\u2019est pas en lui. Mais en celui qui garde sa parole, l\u2019amour de Dieu atteint vraiment la perfection [&hellip;]<\/p>\n","protected":false},"author":2,"featured_media":0,"comment_status":"closed","ping_status":"closed","sticky":false,"template":"","format":"standard","meta":{"footnotes":""},"categories":[13,28],"tags":[242,436,1041,1399],"class_list":["post-12189","post","type-post","status-publish","format-standard","hentry","category-ecritures","category-saints-et-saintes","tag-commandement","tag-frere","tag-st-jean","tag-tenebres"],"_links":{"self":[{"href":"https:\/\/www.associationdemarie.org\/blog\/wp-json\/wp\/v2\/posts\/12189","targetHints":{"allow":["GET"]}}],"collection":[{"href":"https:\/\/www.associationdemarie.org\/blog\/wp-json\/wp\/v2\/posts"}],"about":[{"href":"https:\/\/www.associationdemarie.org\/blog\/wp-json\/wp\/v2\/types\/post"}],"author":[{"embeddable":true,"href":"https:\/\/www.associationdemarie.org\/blog\/wp-json\/wp\/v2\/users\/2"}],"replies":[{"embeddable":true,"href":"https:\/\/www.associationdemarie.org\/blog\/wp-json\/wp\/v2\/comments?post=12189"}],"version-history":[{"count":1,"href":"https:\/\/www.associationdemarie.org\/blog\/wp-json\/wp\/v2\/posts\/12189\/revisions"}],"predecessor-version":[{"id":12191,"href":"https:\/\/www.associationdemarie.org\/blog\/wp-json\/wp\/v2\/posts\/12189\/revisions\/12191"}],"wp:attachment":[{"href":"https:\/\/www.associationdemarie.org\/blog\/wp-json\/wp\/v2\/media?parent=12189"}],"wp:term":[{"taxonomy":"category","embeddable":true,"href":"https:\/\/www.associationdemarie.org\/blog\/wp-json\/wp\/v2\/categories?post=12189"},{"taxonomy":"post_tag","embeddable":true,"href":"https:\/\/www.associationdemarie.org\/blog\/wp-json\/wp\/v2\/tags?post=12189"}],"curies":[{"name":"wp","href":"https:\/\/api.w.org\/{rel}","templated":true}]}}