{"id":12186,"date":"2015-12-28T01:41:50","date_gmt":"2015-12-28T00:41:50","guid":{"rendered":"http:\/\/www.associationdemarie.org\/blog\/?p=12186"},"modified":"2015-12-12T09:46:49","modified_gmt":"2015-12-12T08:46:49","slug":"fete-des-saints-innocents-martyrs","status":"publish","type":"post","link":"https:\/\/www.associationdemarie.org\/blog\/fete-des-saints-innocents-martyrs\/","title":{"rendered":"F\u00eate des saints Innocents, martyrs"},"content":{"rendered":"<figure id=\"attachment_12187\" aria-describedby=\"caption-attachment-12187\" style=\"width: 318px\" class=\"wp-caption aligncenter\"><a href=\"https:\/\/www.associationdemarie.org\/blog\/wp-content\/uploads\/2015\/12\/0_La_Vierge_\u00e0_lEnfant_entour\u00e9e_des_saints_Innocents_-_Louvre_-_2.jpg\"><img loading=\"lazy\" decoding=\"async\" class=\" wp-image-12187\" src=\"https:\/\/www.associationdemarie.org\/blog\/wp-content\/uploads\/2015\/12\/0_La_Vierge_\u00e0_lEnfant_entour\u00e9e_des_saints_Innocents_-_Louvre_-_2.jpg\" alt=\"\u00abLa Vierge \u00e0 l'Enfant entour\u00e9e des saints Innocents\u00bb, huile sur bois  (Hauteur. 138 cm ; largeur. 100 cm) de Pierre Paul Rubens. \u2013 \u0152uvre execut\u00e9e vers 1618, appartenant au mus\u00e9e du Louvre (Paris). - Ref. N\u00ba  INV 1763, photographi\u00e9e lors de l\u2019exposition temporaire \u00ab Rubens et son Temps \u00bb au mus\u00e9e du Louvre-Lens.\" width=\"318\" height=\"446\" srcset=\"https:\/\/www.associationdemarie.org\/blog\/wp-content\/uploads\/2015\/12\/0_La_Vierge_\u00e0_lEnfant_entour\u00e9e_des_saints_Innocents_-_Louvre_-_2.jpg 2122w, https:\/\/www.associationdemarie.org\/blog\/wp-content\/uploads\/2015\/12\/0_La_Vierge_\u00e0_lEnfant_entour\u00e9e_des_saints_Innocents_-_Louvre_-_2-214x300.jpg 214w, https:\/\/www.associationdemarie.org\/blog\/wp-content\/uploads\/2015\/12\/0_La_Vierge_\u00e0_lEnfant_entour\u00e9e_des_saints_Innocents_-_Louvre_-_2-730x1024.jpg 730w\" sizes=\"auto, (max-width: 318px) 100vw, 318px\" \/><\/a><figcaption id=\"caption-attachment-12187\" class=\"wp-caption-text\">\u00abLa Vierge \u00e0 l&rsquo;Enfant entour\u00e9e des saints Innocents\u00bb, huile sur bois (Hauteur. 138 cm ; largeur. 100 cm) de Pierre Paul Rubens. \u2013 \u0152uvre execut\u00e9e vers 1618, appartenant au mus\u00e9e du Louvre (Paris). &#8211; Ref. N\u00ba INV 1763, photographi\u00e9e lors de l\u2019exposition temporaire \u00ab Rubens et son Temps \u00bb au mus\u00e9e du Louvre-Lens.<\/figcaption><\/figure>\n<p>Il est bien juste que nous c\u00e9l\u00e9brions la mort de ces Saints Innocents, car elle \u00e9tait sainte. Quand les \u00e9v\u00e9nements nous rapprochent du Christ, quand nous souffrons pour le Christ, c&rsquo;est s\u00fbrement un privil\u00e8ge inexprimable \u2013- quelle que soit la souffrance, m\u00eame si sur le moment nous ne sommes pas conscients de souffrir pour lui. Les petits enfants que J\u00e9sus a pris dans ses bras ne pouvaient pas non plus comprendre sur le moment de quelle admirable condescendance ils \u00e9taient l&rsquo;objet, mais cette b\u00e9n\u00e9diction du Seigneur n&rsquo;\u00e9tait-elle pas un r\u00e9el privil\u00e8ge ? Pareillement, ce massacre des enfants de Bethl\u00e9em tient lieu pour eux de sacrement ; c&rsquo;\u00e9tait le gage de l&rsquo;amour du Fils de Dieu envers ceux qui ont subi cette souffrance. Tous ceux qui l&rsquo;ont approch\u00e9 ont souffert plus ou moins, du fait m\u00eame de ce contact, comme si \u00e9manait de lui une force secr\u00e8te qui purifie et qui sanctifie les \u00e2mes \u00e0 travers les peines de ce monde. Tel a \u00e9t\u00e9 le cas des Saints Innocents.<\/p>\n<p>Vraiment, la pr\u00e9sence m\u00eame de J\u00e9sus tient lieu de sacrement : tous ses actes, tous ses regards, toutes ses paroles communiquent la gr\u00e2ce \u00e0 ceux qui acceptent de les recevoir \u2014 et combien plus \u00e0 ceux qui acceptent de devenir ses disciples. D\u00e8s les d\u00e9buts de l&rsquo;\u00c9glise donc, un tel martyre a \u00e9t\u00e9 consid\u00e9r\u00e9 comme une forme du bapt\u00eame, un vrai bapt\u00eame de sang, qui a la m\u00eame efficacit\u00e9 sacramentelle que l&rsquo;eau qui r\u00e9g\u00e9n\u00e8re. Nous sommes donc invit\u00e9s \u00e0 consid\u00e9rer ces petits enfants comme des martyrs et \u00e0 profiter du t\u00e9moignage de leur innocence.<\/p>\n<p>Bienheureux John Henry Newman (1801-1890), cardinal, th\u00e9ologien, fondateur de l&rsquo;Oratoire en Angleterre<br \/>\nSermon \u00ab The Mind of Little Children \u00bb ; PPS II,6<\/p>\n<p>&nbsp;<\/p>\n<p>&nbsp;<\/p>\n<p>&nbsp;<\/p>\n","protected":false},"excerpt":{"rendered":"<p>Il est bien juste que nous c\u00e9l\u00e9brions la mort de ces Saints Innocents, car elle \u00e9tait sainte. Quand les \u00e9v\u00e9nements nous rapprochent du Christ, quand nous souffrons pour le Christ, c&rsquo;est s\u00fbrement un privil\u00e8ge inexprimable \u2013- quelle que soit la souffrance, m\u00eame si sur le moment nous ne sommes pas conscients de souffrir pour lui. [&hellip;]<\/p>\n","protected":false},"author":2,"featured_media":0,"comment_status":"closed","ping_status":"closed","sticky":false,"template":"","format":"standard","meta":{"footnotes":""},"categories":[3,4,1261,28],"tags":[131,647,1115],"class_list":["post-12186","post","type-post","status-publish","format-standard","hentry","category-liturgique","category-iconographie","category-enseignement-2","category-saints-et-saintes","tag-bapteme","tag-martyr","tag-sts-innocents"],"_links":{"self":[{"href":"https:\/\/www.associationdemarie.org\/blog\/wp-json\/wp\/v2\/posts\/12186","targetHints":{"allow":["GET"]}}],"collection":[{"href":"https:\/\/www.associationdemarie.org\/blog\/wp-json\/wp\/v2\/posts"}],"about":[{"href":"https:\/\/www.associationdemarie.org\/blog\/wp-json\/wp\/v2\/types\/post"}],"author":[{"embeddable":true,"href":"https:\/\/www.associationdemarie.org\/blog\/wp-json\/wp\/v2\/users\/2"}],"replies":[{"embeddable":true,"href":"https:\/\/www.associationdemarie.org\/blog\/wp-json\/wp\/v2\/comments?post=12186"}],"version-history":[{"count":1,"href":"https:\/\/www.associationdemarie.org\/blog\/wp-json\/wp\/v2\/posts\/12186\/revisions"}],"predecessor-version":[{"id":12188,"href":"https:\/\/www.associationdemarie.org\/blog\/wp-json\/wp\/v2\/posts\/12186\/revisions\/12188"}],"wp:attachment":[{"href":"https:\/\/www.associationdemarie.org\/blog\/wp-json\/wp\/v2\/media?parent=12186"}],"wp:term":[{"taxonomy":"category","embeddable":true,"href":"https:\/\/www.associationdemarie.org\/blog\/wp-json\/wp\/v2\/categories?post=12186"},{"taxonomy":"post_tag","embeddable":true,"href":"https:\/\/www.associationdemarie.org\/blog\/wp-json\/wp\/v2\/tags?post=12186"}],"curies":[{"name":"wp","href":"https:\/\/api.w.org\/{rel}","templated":true}]}}