{"id":12145,"date":"2015-12-18T01:23:48","date_gmt":"2015-12-18T00:23:48","guid":{"rendered":"http:\/\/www.associationdemarie.org\/blog\/?p=12145"},"modified":"2015-12-03T19:27:49","modified_gmt":"2015-12-03T18:27:49","slug":"saint-joseph-epoux-de-marie-pere-nourricier-de-jesus-patron-de-leglise","status":"publish","type":"post","link":"https:\/\/www.associationdemarie.org\/blog\/saint-joseph-epoux-de-marie-pere-nourricier-de-jesus-patron-de-leglise\/","title":{"rendered":"Saint Joseph, \u00e9poux de Marie, p\u00e8re nourricier de J\u00e9sus, patron de l&rsquo;Eglise"},"content":{"rendered":"<p><a href=\"https:\/\/www.associationdemarie.org\/blog\/wp-content\/uploads\/2015\/12\/Portada-Sagrada-Familia-muroNazaret.jpg\"><img loading=\"lazy\" decoding=\"async\" class=\"aligncenter  wp-image-12146\" src=\"https:\/\/www.associationdemarie.org\/blog\/wp-content\/uploads\/2015\/12\/Portada-Sagrada-Familia-muroNazaret.jpg\" alt=\"Portada-Sagrada-Familia-muroNazaret\" width=\"300\" height=\"387\" srcset=\"https:\/\/www.associationdemarie.org\/blog\/wp-content\/uploads\/2015\/12\/Portada-Sagrada-Familia-muroNazaret.jpg 573w, https:\/\/www.associationdemarie.org\/blog\/wp-content\/uploads\/2015\/12\/Portada-Sagrada-Familia-muroNazaret-233x300.jpg 233w\" sizes=\"auto, (max-width: 300px) 100vw, 300px\" \/><\/a><\/p>\n<p>De m\u00eame que Dieu \u00e9tablit le patriarche Joseph, fils de Jacob, gouverneur de toute l&rsquo;\u00c9gypte, pour assurer au peuple le froment n\u00e9cessaire \u00e0 la vie (Gn 41,40s), ainsi, lorsque furent accomplis les temps o\u00f9 l&rsquo;\u00c9ternel allait envoyer sur la terre son Fils unique pour racheter le monde, il choisit un autre Joseph dont le premier \u00e9tait la pr\u00e9figuration : il l&rsquo;\u00e9tablit seigneur et prince de sa maison et de ses biens, il commit \u00e0 sa garde ses plus riches tr\u00e9sors. En effet, Joseph \u00e9pousa l&rsquo;Immacul\u00e9e Vierge Marie, de laquelle, par la puissance du Saint Esprit, est n\u00e9 J\u00e9sus Christ, qui voulut aux yeux de tous passer pour le fils de Joseph et daigna lui \u00eatre soumis. Celui que tant de proph\u00e8tes et de rois avaient souhait\u00e9 de voir (Lc 10,24), non seulement Joseph le vit, mais il conversa avec lui, il le pressa dans les bras d&rsquo;une paternelle tendresse, il le couvrit de baisers ; avec un grand soin et une sollicitude sans \u00e9gale, il a nourri celui que les fid\u00e8les devaient manger comme le pain de l&rsquo;\u00e9ternelle vie.<\/p>\n<p>En raison de cette dignit\u00e9 sublime, \u00e0 laquelle Dieu \u00e9leva son tr\u00e8s fid\u00e8le serviteur, toujours l&rsquo;\u00c9glise a exalt\u00e9 et honor\u00e9 saint Joseph d&rsquo;un culte exceptionnel, quoique inf\u00e9rieur \u00e0 celui qu&rsquo;elle rend \u00e0 la M\u00e8re de Dieu ; toujours, dans les heures critiques, elle a implor\u00e9 son assistance&#8230; C&rsquo;est pourquoi nous d\u00e9clarons solennellement saint Joseph Patron de l&rsquo;\u00c9glise catholique.<\/p>\n<p>Bienheureux Pie IX (1792-1878), pape<br \/>\nD\u00e9cret \u00ab Urbi et orbi \u00bb du 8 d\u00e9cembre 1870<\/p>\n<p>&nbsp;<\/p>\n<p>&nbsp;<\/p>\n<p>&nbsp;<\/p>\n<p>&nbsp;<\/p>\n","protected":false},"excerpt":{"rendered":"<p>De m\u00eame que Dieu \u00e9tablit le patriarche Joseph, fils de Jacob, gouverneur de toute l&rsquo;\u00c9gypte, pour assurer au peuple le froment n\u00e9cessaire \u00e0 la vie (Gn 41,40s), ainsi, lorsque furent accomplis les temps o\u00f9 l&rsquo;\u00c9ternel allait envoyer sur la terre son Fils unique pour racheter le monde, il choisit un autre Joseph dont le premier [&hellip;]<\/p>\n","protected":false},"author":2,"featured_media":0,"comment_status":"closed","ping_status":"closed","sticky":false,"template":"","format":"standard","meta":{"footnotes":""},"categories":[3,13,28],"tags":[127,336,936,1049],"class_list":["post-12145","post","type-post","status-publish","format-standard","hentry","category-liturgique","category-ecritures","category-saints-et-saintes","tag-avent","tag-eglise","tag-sainte-famille","tag-st-joseph"],"_links":{"self":[{"href":"https:\/\/www.associationdemarie.org\/blog\/wp-json\/wp\/v2\/posts\/12145","targetHints":{"allow":["GET"]}}],"collection":[{"href":"https:\/\/www.associationdemarie.org\/blog\/wp-json\/wp\/v2\/posts"}],"about":[{"href":"https:\/\/www.associationdemarie.org\/blog\/wp-json\/wp\/v2\/types\/post"}],"author":[{"embeddable":true,"href":"https:\/\/www.associationdemarie.org\/blog\/wp-json\/wp\/v2\/users\/2"}],"replies":[{"embeddable":true,"href":"https:\/\/www.associationdemarie.org\/blog\/wp-json\/wp\/v2\/comments?post=12145"}],"version-history":[{"count":1,"href":"https:\/\/www.associationdemarie.org\/blog\/wp-json\/wp\/v2\/posts\/12145\/revisions"}],"predecessor-version":[{"id":12147,"href":"https:\/\/www.associationdemarie.org\/blog\/wp-json\/wp\/v2\/posts\/12145\/revisions\/12147"}],"wp:attachment":[{"href":"https:\/\/www.associationdemarie.org\/blog\/wp-json\/wp\/v2\/media?parent=12145"}],"wp:term":[{"taxonomy":"category","embeddable":true,"href":"https:\/\/www.associationdemarie.org\/blog\/wp-json\/wp\/v2\/categories?post=12145"},{"taxonomy":"post_tag","embeddable":true,"href":"https:\/\/www.associationdemarie.org\/blog\/wp-json\/wp\/v2\/tags?post=12145"}],"curies":[{"name":"wp","href":"https:\/\/api.w.org\/{rel}","templated":true}]}}