{"id":12099,"date":"2016-12-08T01:51:13","date_gmt":"2016-12-08T00:51:13","guid":{"rendered":"http:\/\/www.associationdemarie.org\/blog\/?p=12099"},"modified":"2016-11-21T06:14:12","modified_gmt":"2016-11-21T05:14:12","slug":"solennite-de-limmaculee-conception-de-la-vierge-marie-4","status":"publish","type":"post","link":"https:\/\/www.associationdemarie.org\/blog\/solennite-de-limmaculee-conception-de-la-vierge-marie-4\/","title":{"rendered":"Solennit\u00e9 de l&rsquo;Immacul\u00e9e Conception de la Vierge Marie"},"content":{"rendered":"<p><a href=\"https:\/\/www.associationdemarie.org\/blog\/wp-content\/uploads\/2015\/11\/vierge18.jpg\"><img loading=\"lazy\" decoding=\"async\" class=\"aligncenter size-full wp-image-12100\" src=\"https:\/\/www.associationdemarie.org\/blog\/wp-content\/uploads\/2015\/11\/vierge18.jpg\" alt=\"vierge18\" width=\"400\" height=\"597\" srcset=\"https:\/\/www.associationdemarie.org\/blog\/wp-content\/uploads\/2015\/11\/vierge18.jpg 400w, https:\/\/www.associationdemarie.org\/blog\/wp-content\/uploads\/2015\/11\/vierge18-201x300.jpg 201w\" sizes=\"auto, (max-width: 400px) 100vw, 400px\" \/><\/a><\/p>\n<p>&nbsp;<\/p>\n<p><a href=\"https:\/\/www.associationdemarie.org\/blog\/wp-content\/uploads\/2015\/11\/00h3550l020561505616__043279800_1434_22122014.jpg\"><img loading=\"lazy\" decoding=\"async\" class=\"alignright wp-image-12101\" src=\"https:\/\/www.associationdemarie.org\/blog\/wp-content\/uploads\/2015\/11\/00h3550l020561505616__043279800_1434_22122014.jpg\" alt=\"00h3550l020561505616__043279800_1434_22122014\" width=\"113\" height=\"580\" srcset=\"https:\/\/www.associationdemarie.org\/blog\/wp-content\/uploads\/2015\/11\/00h3550l020561505616__043279800_1434_22122014.jpg 653w, https:\/\/www.associationdemarie.org\/blog\/wp-content\/uploads\/2015\/11\/00h3550l020561505616__043279800_1434_22122014-200x1024.jpg 200w\" sizes=\"auto, (max-width: 113px) 100vw, 113px\" \/><\/a>Vraiment, il est juste et bon de te rendre gloire,<\/p>\n<p>de t&rsquo;offrir notre action de gr\u00e2ce, toujours et en tout lieu,<\/p>\n<p>\u00e0 toi, P\u00e8re tr\u00e8s saint, Dieu \u00e9ternel et tout-puissant.<\/p>\n<p>Car tu as pr\u00e9serv\u00e9 la Vierge Marie<\/p>\n<p>de toutes les s\u00e9quelles du premier p\u00e9ch\u00e9,<\/p>\n<p>et tu l&rsquo;as combl\u00e9e de gr\u00e2ce (Lc 1,28)<\/p>\n<p>pour pr\u00e9parer \u00e0 ton Fils<\/p>\n<p>une m\u00e8re vraiment digne de lui ;<\/p>\n<p>en elle, tu pr\u00e9figurais l&rsquo;\u00c9glise,<\/p>\n<p>la fianc\u00e9e sans ride, sans tache,<\/p>\n<p>resplendissante de beaut\u00e9 (Ep 5,27).<\/p>\n<p>Cette vierge pure devait nous donner le Sauveur,<\/p>\n<p>l&rsquo;Agneau immacul\u00e9 qui enl\u00e8ve nos fautes (Jn 1,29).<\/p>\n<p>Choisie entre toutes les femmes,<\/p>\n<p>elle intervient en faveur de ton peuple<\/p>\n<p>et demeure pour lui l&rsquo;id\u00e9al de la saintet\u00e9.<\/p>\n<p>C&rsquo;est pourquoi, avec tous les anges du ciel,<\/p>\n<p>pleins de joie, nous chantons :<\/p>\n<p>Saint ! Saint ! Saint, le Seigneur, Dieu de l&rsquo;univers !<\/p>\n<p>&nbsp;<\/p>\n<p>Le Missel romain<br \/>\nPr\u00e9face de la f\u00eate<\/p>\n<p>&nbsp;<\/p>\n","protected":false},"excerpt":{"rendered":"<p>&nbsp; Vraiment, il est juste et bon de te rendre gloire, de t&rsquo;offrir notre action de gr\u00e2ce, toujours et en tout lieu, \u00e0 toi, P\u00e8re tr\u00e8s saint, Dieu \u00e9ternel et tout-puissant. Car tu as pr\u00e9serv\u00e9 la Vierge Marie de toutes les s\u00e9quelles du premier p\u00e9ch\u00e9, et tu l&rsquo;as combl\u00e9e de gr\u00e2ce (Lc 1,28) pour pr\u00e9parer [&hellip;]<\/p>\n","protected":false},"author":2,"featured_media":0,"comment_status":"closed","ping_status":"closed","sticky":false,"template":"","format":"standard","meta":{"footnotes":""},"categories":[3,27,28],"tags":[493,643,830],"class_list":["post-12099","post","type-post","status-publish","format-standard","hentry","category-liturgique","category-prieres","category-saints-et-saintes","tag-immaculee-conception","tag-marie-reine-immaculee","tag-priere"],"_links":{"self":[{"href":"https:\/\/www.associationdemarie.org\/blog\/wp-json\/wp\/v2\/posts\/12099","targetHints":{"allow":["GET"]}}],"collection":[{"href":"https:\/\/www.associationdemarie.org\/blog\/wp-json\/wp\/v2\/posts"}],"about":[{"href":"https:\/\/www.associationdemarie.org\/blog\/wp-json\/wp\/v2\/types\/post"}],"author":[{"embeddable":true,"href":"https:\/\/www.associationdemarie.org\/blog\/wp-json\/wp\/v2\/users\/2"}],"replies":[{"embeddable":true,"href":"https:\/\/www.associationdemarie.org\/blog\/wp-json\/wp\/v2\/comments?post=12099"}],"version-history":[{"count":4,"href":"https:\/\/www.associationdemarie.org\/blog\/wp-json\/wp\/v2\/posts\/12099\/revisions"}],"predecessor-version":[{"id":12105,"href":"https:\/\/www.associationdemarie.org\/blog\/wp-json\/wp\/v2\/posts\/12099\/revisions\/12105"}],"wp:attachment":[{"href":"https:\/\/www.associationdemarie.org\/blog\/wp-json\/wp\/v2\/media?parent=12099"}],"wp:term":[{"taxonomy":"category","embeddable":true,"href":"https:\/\/www.associationdemarie.org\/blog\/wp-json\/wp\/v2\/categories?post=12099"},{"taxonomy":"post_tag","embeddable":true,"href":"https:\/\/www.associationdemarie.org\/blog\/wp-json\/wp\/v2\/tags?post=12099"}],"curies":[{"name":"wp","href":"https:\/\/api.w.org\/{rel}","templated":true}]}}