{"id":12084,"date":"2015-12-05T01:02:34","date_gmt":"2015-12-05T00:02:34","guid":{"rendered":"http:\/\/www.associationdemarie.org\/blog\/?p=12084"},"modified":"2015-11-20T19:09:32","modified_gmt":"2015-11-20T18:09:32","slug":"la-moisson-est-abondante","status":"publish","type":"post","link":"https:\/\/www.associationdemarie.org\/blog\/la-moisson-est-abondante\/","title":{"rendered":"\u00ab La moisson est abondante. \u00bb"},"content":{"rendered":"<p><a href=\"https:\/\/www.associationdemarie.org\/blog\/wp-content\/uploads\/2015\/11\/moisson-divine.jpg\"><img loading=\"lazy\" decoding=\"async\" class=\"wp-image-12085 alignright\" src=\"https:\/\/www.associationdemarie.org\/blog\/wp-content\/uploads\/2015\/11\/moisson-divine.jpg\" alt=\"moisson-divine\" width=\"210\" height=\"376\" srcset=\"https:\/\/www.associationdemarie.org\/blog\/wp-content\/uploads\/2015\/11\/moisson-divine.jpg 278w, https:\/\/www.associationdemarie.org\/blog\/wp-content\/uploads\/2015\/11\/moisson-divine-167x300.jpg 167w\" sizes=\"auto, (max-width: 210px) 100vw, 210px\" \/><\/a>Si l&rsquo;on regarde superficiellement notre monde, on est frapp\u00e9 par bien des faits n\u00e9gatifs qui peuvent porter au pessimisme. Mais c&rsquo;est l\u00e0 un sentiment injustifi\u00e9 ; nous avons foi en Dieu, P\u00e8re et Seigneur, en sa bont\u00e9 et en sa mis\u00e9ricorde. Alors que nous sommes proches du troisi\u00e8me mill\u00e9naire de la R\u00e9demption, Dieu est en train de pr\u00e9parer pour le christianisme un grand printemps que l&rsquo;on voit d\u00e9j\u00e0 poindre. En effet, que ce soit dans le monde non chr\u00e9tien ou dans le monde de chr\u00e9tient\u00e9 ancienne, les peuples ont tendance \u00e0 se rapprocher progressivement des id\u00e9aux et des valeurs \u00e9vang\u00e9liques, tendance que l&rsquo;\u00c9glise s&rsquo;efforce de favoriser. Aujourd&rsquo;hui se manifeste parmi les peuples une nouvelle convergence \u00e0 l&rsquo;\u00e9gard de ces valeurs : le refus de la violence et de la guerre, le respect de la personne humaine et de ses droits, la soif de libert\u00e9, de justice et de fraternit\u00e9, la tendance \u00e0 surmonter les racismes et les nationalismes, l&rsquo;affirmation de la dignit\u00e9 de la femme et sa valorisation.<\/p>\n<p>L&rsquo;esp\u00e9rance chr\u00e9tienne nous soutient pour nous engager \u00e0 fond dans la nouvelle \u00e9vang\u00e9lisation et dans la mission universelle, et nous pousse \u00e0 prier comme J\u00e9sus nous l&rsquo;a enseign\u00e9 : \u00ab Que ton R\u00e8gne vienne, que ta volont\u00e9 soit faite sur la terre comme au ciel \u00bb (Mt 6,10).<\/p>\n<p>Les hommes qui attendent le Christ sont encore en nombre incalculable ; les espaces humains et culturels non encore atteints par l&rsquo;annonce de l&rsquo;\u00c9vangile ou dans lesquels l&rsquo;\u00c9glise est peu pr\u00e9sente sont extr\u00eamement vastes, au point d&rsquo;exiger l&rsquo;unit\u00e9 de toutes ses forces. En se pr\u00e9parant \u00e0 c\u00e9l\u00e9brer le Jubil\u00e9 de l&rsquo;an deux mille, toute l&rsquo;\u00c9glise est encore plus engag\u00e9e dans un nouvel Avent missionnaire. Nous devons entretenir en nous la passion apostolique de transmettre \u00e0 d&rsquo;autres la lumi\u00e8re et la joie de la foi, et nous devons former \u00e0 cet id\u00e9al tout le Peuple de Dieu.<\/p>\n<p>Saint Jean-Paul II (1920-2005), pape<br \/>\nRedemptoris missio, 86<\/p>\n<p>&nbsp;<\/p>\n<p>&nbsp;<\/p>\n<p>&nbsp;<\/p>\n","protected":false},"excerpt":{"rendered":"<p>Si l&rsquo;on regarde superficiellement notre monde, on est frapp\u00e9 par bien des faits n\u00e9gatifs qui peuvent porter au pessimisme. Mais c&rsquo;est l\u00e0 un sentiment injustifi\u00e9 ; nous avons foi en Dieu, P\u00e8re et Seigneur, en sa bont\u00e9 et en sa mis\u00e9ricorde. Alors que nous sommes proches du troisi\u00e8me mill\u00e9naire de la R\u00e9demption, Dieu est en [&hellip;]<\/p>\n","protected":false},"author":2,"featured_media":0,"comment_status":"closed","ping_status":"closed","sticky":false,"template":"","format":"standard","meta":{"footnotes":""},"categories":[3,13,1261,28,29],"tags":[387,684,719,1253,1202],"class_list":["post-12084","post","type-post","status-publish","format-standard","hentry","category-liturgique","category-ecritures","category-enseignement-2","category-saints-et-saintes","category-tour-de-france","tag-evangelisation","tag-moisson","tag-notre-pere","tag-st-jean-paul-2","tag-volonte"],"_links":{"self":[{"href":"https:\/\/www.associationdemarie.org\/blog\/wp-json\/wp\/v2\/posts\/12084","targetHints":{"allow":["GET"]}}],"collection":[{"href":"https:\/\/www.associationdemarie.org\/blog\/wp-json\/wp\/v2\/posts"}],"about":[{"href":"https:\/\/www.associationdemarie.org\/blog\/wp-json\/wp\/v2\/types\/post"}],"author":[{"embeddable":true,"href":"https:\/\/www.associationdemarie.org\/blog\/wp-json\/wp\/v2\/users\/2"}],"replies":[{"embeddable":true,"href":"https:\/\/www.associationdemarie.org\/blog\/wp-json\/wp\/v2\/comments?post=12084"}],"version-history":[{"count":5,"href":"https:\/\/www.associationdemarie.org\/blog\/wp-json\/wp\/v2\/posts\/12084\/revisions"}],"predecessor-version":[{"id":12090,"href":"https:\/\/www.associationdemarie.org\/blog\/wp-json\/wp\/v2\/posts\/12084\/revisions\/12090"}],"wp:attachment":[{"href":"https:\/\/www.associationdemarie.org\/blog\/wp-json\/wp\/v2\/media?parent=12084"}],"wp:term":[{"taxonomy":"category","embeddable":true,"href":"https:\/\/www.associationdemarie.org\/blog\/wp-json\/wp\/v2\/categories?post=12084"},{"taxonomy":"post_tag","embeddable":true,"href":"https:\/\/www.associationdemarie.org\/blog\/wp-json\/wp\/v2\/tags?post=12084"}],"curies":[{"name":"wp","href":"https:\/\/api.w.org\/{rel}","templated":true}]}}