{"id":11963,"date":"2015-11-11T01:07:57","date_gmt":"2015-11-11T00:07:57","guid":{"rendered":"http:\/\/www.associationdemarie.org\/blog\/?p=11963"},"modified":"2015-10-27T10:14:14","modified_gmt":"2015-10-27T09:14:14","slug":"pour-les-ames-du-purgatoire","status":"publish","type":"post","link":"https:\/\/www.associationdemarie.org\/blog\/pour-les-ames-du-purgatoire\/","title":{"rendered":"Pour les \u00e2mes du Purgatoire"},"content":{"rendered":"<p><iframe loading=\"lazy\" title=\"LITANIES POUR LES \u00c2MES DU PURGATOIRE\" width=\"500\" height=\"281\" src=\"https:\/\/www.youtube.com\/embed\/9k2SYrhn_vY?feature=oembed\" frameborder=\"0\" allow=\"accelerometer; autoplay; clipboard-write; encrypted-media; gyroscope; picture-in-picture; web-share\" referrerpolicy=\"strict-origin-when-cross-origin\" allowfullscreen><\/iframe><\/p>\n<p>&nbsp;<\/p>\n<p><strong>En union de pri\u00e8re, pour les \u00e2mes du Purgatoire, tous les jours \u00e0 18h35.<\/strong><\/p>\n<p>&nbsp;<\/p>\n<p><em>Chers enfants, <\/em><br \/>\n<em>Il est un long fleuve tranquille o\u00f9 repose un p\u00e9tale de rose blanche, ce p\u00e9tale est une nouvelle \u00e2me venue rejoindre l\u2019\u00e9den. Cette \u00e2me rappel\u00e9e par le P\u00e8re C\u00e9leste doit \u00eatre une joie pour vous tous, elle est dans la Lumi\u00e8re et l\u2019All\u00e9gresse de sa nouvelle vie. Vie qui confirmera son amour terrestre et l\u2019enseignement sur la vraie v\u00e9rit\u00e9, c\u2019est une nouvelle joie indescriptible pour vous mais r\u00e9elle \u00e0 son \u00e9gard et son entendement.<\/em><br \/>\n<em>D\u2019autres p\u00e9tales la rejoignent au fur et \u00e0 mesure et ce sont des retrouvailles c\u00e9lestes grandioses. Il n\u2019est de mot terrestre au panorama des cieux et \u00e0 son enchantement.<\/em><br \/>\n<em>Mes enfants, il faut prier pour toutes ces \u00e2mes qui montent aupr\u00e8s de nous. Mais il faut prier encore plus pour les \u00e2mes terrestres perdues dans un oc\u00e9an assourdissant de guerres, de chagrin et de peines en tout genre.<\/em><br \/>\nMarie M\u00e8re des hommes &#8211; janv. 2011<\/p>\n<p>&nbsp;<\/p>\n<p>&nbsp;<\/p>\n<p>&nbsp;<\/p>\n","protected":false},"excerpt":{"rendered":"<p>&nbsp; En union de pri\u00e8re, pour les \u00e2mes du Purgatoire, tous les jours \u00e0 18h35. &nbsp; Chers enfants, Il est un long fleuve tranquille o\u00f9 repose un p\u00e9tale de rose blanche, ce p\u00e9tale est une nouvelle \u00e2me venue rejoindre l\u2019\u00e9den. Cette \u00e2me rappel\u00e9e par le P\u00e8re C\u00e9leste doit \u00eatre une joie pour vous tous, elle [&hellip;]<\/p>\n","protected":false},"author":2,"featured_media":0,"comment_status":"closed","ping_status":"closed","sticky":false,"template":"","format":"standard","meta":{"footnotes":""},"categories":[3,26,27],"tags":[830,855],"class_list":["post-11963","post","type-post","status-publish","format-standard","hentry","category-liturgique","category-priere-des-ames","category-prieres","tag-priere","tag-purgatoire"],"_links":{"self":[{"href":"https:\/\/www.associationdemarie.org\/blog\/wp-json\/wp\/v2\/posts\/11963","targetHints":{"allow":["GET"]}}],"collection":[{"href":"https:\/\/www.associationdemarie.org\/blog\/wp-json\/wp\/v2\/posts"}],"about":[{"href":"https:\/\/www.associationdemarie.org\/blog\/wp-json\/wp\/v2\/types\/post"}],"author":[{"embeddable":true,"href":"https:\/\/www.associationdemarie.org\/blog\/wp-json\/wp\/v2\/users\/2"}],"replies":[{"embeddable":true,"href":"https:\/\/www.associationdemarie.org\/blog\/wp-json\/wp\/v2\/comments?post=11963"}],"version-history":[{"count":3,"href":"https:\/\/www.associationdemarie.org\/blog\/wp-json\/wp\/v2\/posts\/11963\/revisions"}],"predecessor-version":[{"id":11966,"href":"https:\/\/www.associationdemarie.org\/blog\/wp-json\/wp\/v2\/posts\/11963\/revisions\/11966"}],"wp:attachment":[{"href":"https:\/\/www.associationdemarie.org\/blog\/wp-json\/wp\/v2\/media?parent=11963"}],"wp:term":[{"taxonomy":"category","embeddable":true,"href":"https:\/\/www.associationdemarie.org\/blog\/wp-json\/wp\/v2\/categories?post=11963"},{"taxonomy":"post_tag","embeddable":true,"href":"https:\/\/www.associationdemarie.org\/blog\/wp-json\/wp\/v2\/tags?post=11963"}],"curies":[{"name":"wp","href":"https:\/\/api.w.org\/{rel}","templated":true}]}}