{"id":11893,"date":"2015-11-03T01:41:35","date_gmt":"2015-11-03T00:41:35","guid":{"rendered":"http:\/\/www.associationdemarie.org\/blog\/?p=11893"},"modified":"2015-10-18T18:45:18","modified_gmt":"2015-10-18T17:45:18","slug":"va-sur-les-routes-et-dans-les-sentiers-pour-faire-entrer-les-gens-afin-que-ma-maison-soit-remplie","status":"publish","type":"post","link":"https:\/\/www.associationdemarie.org\/blog\/va-sur-les-routes-et-dans-les-sentiers-pour-faire-entrer-les-gens-afin-que-ma-maison-soit-remplie\/","title":{"rendered":"\u00ab Va sur les routes et dans les sentiers&#8230;pour faire entrer les gens, afin que ma maison soit remplie. \u00bb"},"content":{"rendered":"<p><a href=\"https:\/\/www.associationdemarie.org\/blog\/wp-content\/uploads\/2015\/10\/9073__the-awe-of-sunset-to-a-child_p.jpg\"><img loading=\"lazy\" decoding=\"async\" class=\"aligncenter  wp-image-11894\" src=\"https:\/\/www.associationdemarie.org\/blog\/wp-content\/uploads\/2015\/10\/9073__the-awe-of-sunset-to-a-child_p.jpg\" alt=\"9073__the-awe-of-sunset-to-a-child_p\" width=\"367\" height=\"241\" srcset=\"https:\/\/www.associationdemarie.org\/blog\/wp-content\/uploads\/2015\/10\/9073__the-awe-of-sunset-to-a-child_p.jpg 923w, https:\/\/www.associationdemarie.org\/blog\/wp-content\/uploads\/2015\/10\/9073__the-awe-of-sunset-to-a-child_p-300x197.jpg 300w\" sizes=\"auto, (max-width: 367px) 100vw, 367px\" \/><\/a><\/p>\n<p>Saint, Saint, Saint es-tu vraiment, Seigneur notre Dieu, il n&rsquo;est pas de limite \u00e0 la grandeur de ta saintet\u00e9 : tu as dispos\u00e9 avec droiture et justice toutes choses. Tu as fa\u00e7onn\u00e9 l&rsquo;homme avec le limon de la terre, tu l&rsquo;as honor\u00e9 de l&rsquo;image m\u00eame de Dieu, tu l&rsquo;as plac\u00e9 dans un Paradis de d\u00e9lices en lui promettant, s&rsquo;il observait les commandements, l&rsquo;immortalit\u00e9 et la jouissance des biens \u00e9ternels. Mais il a transgress\u00e9 ton commandement, Dieu v\u00e9ritable, et, s\u00e9duit par la ruse du serpent, victime de son propre p\u00e9ch\u00e9, il s&rsquo;est soumis \u00e0 la mort. Par ton juste jugement, il fut chass\u00e9 du Paradis dans notre monde, renvoy\u00e9 \u00e0 la terre d&rsquo;o\u00f9 il avait \u00e9t\u00e9 tir\u00e9.<\/p>\n<p>Mais tu disposais pour eux, dans ton Christ, le salut par la nouvelle naissance, car tu n&rsquo;as pas rejet\u00e9 pour toujours la cr\u00e9ature que tu avais cr\u00e9\u00e9e dans ta bont\u00e9 ; tu as veill\u00e9 sur elle de multiples fa\u00e7ons dans la grandeur de ta mis\u00e9ricorde. Tu as envoy\u00e9 des proph\u00e8tes, tu as fait des miracles par les saints qui, dans chaque g\u00e9n\u00e9ration, te furent agr\u00e9ables ; tu as donn\u00e9 la Loi pour nous secourir ; tu as \u00e9tabli les anges pour nous garder.<\/p>\n<p>Et quand vint la pl\u00e9nitude des temps, tu nous a parl\u00e9 dans ton Fils unique, par qui tu as cr\u00e9\u00e9 l&rsquo;univers ; il est le rayonnement de ta gloire et l&rsquo;image de ta nature ; il porte tout par sa puissante parole ; il n&rsquo;a pas gard\u00e9 jalousement son \u00e9galit\u00e9 avec Dieu, mais Dieu de toute \u00e9ternit\u00e9, il a paru sur la terre, il a v\u00e9cu avec les hommes, a pris chair de la Vierge Marie, accept\u00e9 la condition d&rsquo;esclave, assum\u00e9 notre corps de mis\u00e8re, pour nous rendre conformes \u00e0 son corps de gloire (He 1,2-3 ;Ph 2,6-7 ;3,21).<\/p>\n<p>Comme par l&rsquo;homme le p\u00e9ch\u00e9 \u00e9tait entr\u00e9 dans le monde, et par le p\u00e9ch\u00e9 la mort, il a plu \u00e0 ton Fils unique, lui qui \u00e9tait \u00e9ternellement dans ton sein, \u00f4 P\u00e8re, mais est n\u00e9 d&rsquo;une femme, de condamner le p\u00e9ch\u00e9 dans sa chair, afin que ceux qui mouraient en Adam, aient la vie dans le Christ (Rm 5,12 ;8,3). En habitant dans ce monde, il nous a donn\u00e9 des pr\u00e9ceptes de salut, nous a d\u00e9tourn\u00e9s de l&rsquo;erreur des idoles, amen\u00e9s \u00e0 te conna\u00eetre, toi, Dieu v\u00e9ritable. Par l\u00e0 il nous a conquis pour lui comme un peuple choisi, un sacerdoce royal, une nation sainte (1P 2,9).<\/p>\n<p>La Divine Liturgie de Saint Basile (4e si\u00e8cle)<br \/>\nPri\u00e8re eucharistique, 1\u00e8re partie (trad. coll. Icthus, vol. 9, p. 72)<\/p>\n<p>&nbsp;<\/p>\n<p>&nbsp;<\/p>\n<p>&nbsp;<\/p>\n","protected":false},"excerpt":{"rendered":"<p>Saint, Saint, Saint es-tu vraiment, Seigneur notre Dieu, il n&rsquo;est pas de limite \u00e0 la grandeur de ta saintet\u00e9 : tu as dispos\u00e9 avec droiture et justice toutes choses. Tu as fa\u00e7onn\u00e9 l&rsquo;homme avec le limon de la terre, tu l&rsquo;as honor\u00e9 de l&rsquo;image m\u00eame de Dieu, tu l&rsquo;as plac\u00e9 dans un Paradis de d\u00e9lices [&hellip;]<\/p>\n","protected":false},"author":2,"featured_media":0,"comment_status":"closed","ping_status":"closed","sticky":false,"template":"","format":"standard","meta":{"footnotes":""},"categories":[3,13,1261,28],"tags":[40,269,1382,387,1289,1189],"class_list":["post-11893","post","type-post","status-publish","format-standard","hentry","category-liturgique","category-ecritures","category-enseignement-2","category-saints-et-saintes","tag-adam","tag-creation","tag-ecritures","tag-evangelisation","tag-st-basile","tag-vierge-marie"],"_links":{"self":[{"href":"https:\/\/www.associationdemarie.org\/blog\/wp-json\/wp\/v2\/posts\/11893","targetHints":{"allow":["GET"]}}],"collection":[{"href":"https:\/\/www.associationdemarie.org\/blog\/wp-json\/wp\/v2\/posts"}],"about":[{"href":"https:\/\/www.associationdemarie.org\/blog\/wp-json\/wp\/v2\/types\/post"}],"author":[{"embeddable":true,"href":"https:\/\/www.associationdemarie.org\/blog\/wp-json\/wp\/v2\/users\/2"}],"replies":[{"embeddable":true,"href":"https:\/\/www.associationdemarie.org\/blog\/wp-json\/wp\/v2\/comments?post=11893"}],"version-history":[{"count":1,"href":"https:\/\/www.associationdemarie.org\/blog\/wp-json\/wp\/v2\/posts\/11893\/revisions"}],"predecessor-version":[{"id":11895,"href":"https:\/\/www.associationdemarie.org\/blog\/wp-json\/wp\/v2\/posts\/11893\/revisions\/11895"}],"wp:attachment":[{"href":"https:\/\/www.associationdemarie.org\/blog\/wp-json\/wp\/v2\/media?parent=11893"}],"wp:term":[{"taxonomy":"category","embeddable":true,"href":"https:\/\/www.associationdemarie.org\/blog\/wp-json\/wp\/v2\/categories?post=11893"},{"taxonomy":"post_tag","embeddable":true,"href":"https:\/\/www.associationdemarie.org\/blog\/wp-json\/wp\/v2\/tags?post=11893"}],"curies":[{"name":"wp","href":"https:\/\/api.w.org\/{rel}","templated":true}]}}