{"id":11843,"date":"2015-10-20T01:51:54","date_gmt":"2015-10-20T00:51:54","guid":{"rendered":"http:\/\/www.associationdemarie.org\/blog\/?p=11843"},"modified":"2015-10-05T18:56:04","modified_gmt":"2015-10-05T17:56:04","slug":"comme-un-enfant-2","status":"publish","type":"post","link":"https:\/\/www.associationdemarie.org\/blog\/comme-un-enfant-2\/","title":{"rendered":"Comme un enfant&#8230;"},"content":{"rendered":"<p><a href=\"https:\/\/www.associationdemarie.org\/blog\/wp-content\/uploads\/2015\/10\/eeltoulouse.fr_.jpg\"><img loading=\"lazy\" decoding=\"async\" class=\"aligncenter  wp-image-11844\" src=\"https:\/\/www.associationdemarie.org\/blog\/wp-content\/uploads\/2015\/10\/eeltoulouse.fr_.jpg\" alt=\"eeltoulouse.fr\" width=\"373\" height=\"376\" srcset=\"https:\/\/www.associationdemarie.org\/blog\/wp-content\/uploads\/2015\/10\/eeltoulouse.fr_.jpg 701w, https:\/\/www.associationdemarie.org\/blog\/wp-content\/uploads\/2015\/10\/eeltoulouse.fr_-150x150.jpg 150w, https:\/\/www.associationdemarie.org\/blog\/wp-content\/uploads\/2015\/10\/eeltoulouse.fr_-298x300.jpg 298w\" sizes=\"auto, (max-width: 373px) 100vw, 373px\" \/><\/a><\/p>\n<p>Il faut prendre le temps, sans br\u00fbler les \u00e9tapes. \u00c0 grandir trop vite, on pousse sans racine, on s\u2019\u00e9puise, on s\u2019\u00e9tiole \u00e0 la merci du vent.<br \/>\nAlors, pourquoi ne pas m\u00e9nager dans nos vies rien qu\u2019un petit espace o\u00f9 l\u2019enfance est possible ? Ce n\u2019est certes que l\u2019enfance, et elle est passag\u00e8re. Un jour nous traverserons le miroir obscurci, dans la lumi\u00e8re divine, nous verrons toutes choses. Mais pourquoi nous h\u00e2ter ? Pourquoi refuser d\u2019avoir Dieu comme p\u00e8re, qui veille tendrement sur chacun de nos pas ? Il pardonne nos fautes, il sait notre faiblesse. Il nous conna\u00eet chacun, bien mieux que nous-m\u00eames. Il sait tout le meilleur dont nous sommes capables. D\u2019un \u0153il bienveillant il b\u00e9nit nos projets. L\u2019indulgence d\u2019un p\u00e8re, sa tendresse, son amour : tout cela m\u2019est donn\u00e9 si avec foi j\u2019esp\u00e8re. Mais l\u2019esp\u00e9rance est dure, et ma foi est fragile. Le myst\u00e8re divin parfois me d\u00e9sesp\u00e8re : je n\u2019y comprends plus rien. Je voudrais tout l\u00e2cher, \u00e9cras\u00e9 par le poids de trop grandes exigences. Alors je revisite en moi, comme l\u2019enfance. Je redeviens celui qui ne s\u2019inqui\u00e8te plus. Qu\u2019importe l\u2019avenir, qui ne m\u2019appartient pas. Qu\u2019importe si de Dieu je ne saisis pas tout. La seule chose que je puis, avec certitude, c\u2019est aimer aujourd\u2019hui, les hommes qui m\u2019entourent. La seule chose qui dure, quand tout sera pass\u00e9. Aimer, comme l\u2019enfant, sans \u00ab pourquoi \u00bb ni \u00ab comment \u00bb. Aimer, plus simplement.<\/p>\n<p>Extrait de la m\u00e9ditation de fr\u00e8re Franck Dubois, dominicain<br \/>\nsur Corinthiens 13, 11-13<br \/>\nSigne dans la Bible 11\/09\/2015<\/p>\n<p>escapamargue.blogspot.fr<\/p>\n<p>&nbsp;<\/p>\n<p>&nbsp;<\/p>\n<p>&nbsp;<\/p>\n<p>&nbsp;<\/p>\n<p>&nbsp;<\/p>\n","protected":false},"excerpt":{"rendered":"<p>Il faut prendre le temps, sans br\u00fbler les \u00e9tapes. \u00c0 grandir trop vite, on pousse sans racine, on s\u2019\u00e9puise, on s\u2019\u00e9tiole \u00e0 la merci du vent. Alors, pourquoi ne pas m\u00e9nager dans nos vies rien qu\u2019un petit espace o\u00f9 l\u2019enfance est possible ? Ce n\u2019est certes que l\u2019enfance, et elle est passag\u00e8re. Un jour nous [&hellip;]<\/p>\n","protected":false},"author":2,"featured_media":0,"comment_status":"closed","ping_status":"closed","sticky":false,"template":"","format":"standard","meta":{"footnotes":""},"categories":[1261,16],"tags":[48,295,350,375],"class_list":["post-11843","post","type-post","status-publish","format-standard","hentry","category-enseignement-2","category-jardins-de-la-bible","tag-aimer","tag-dieu","tag-enfance","tag-esperance"],"_links":{"self":[{"href":"https:\/\/www.associationdemarie.org\/blog\/wp-json\/wp\/v2\/posts\/11843","targetHints":{"allow":["GET"]}}],"collection":[{"href":"https:\/\/www.associationdemarie.org\/blog\/wp-json\/wp\/v2\/posts"}],"about":[{"href":"https:\/\/www.associationdemarie.org\/blog\/wp-json\/wp\/v2\/types\/post"}],"author":[{"embeddable":true,"href":"https:\/\/www.associationdemarie.org\/blog\/wp-json\/wp\/v2\/users\/2"}],"replies":[{"embeddable":true,"href":"https:\/\/www.associationdemarie.org\/blog\/wp-json\/wp\/v2\/comments?post=11843"}],"version-history":[{"count":1,"href":"https:\/\/www.associationdemarie.org\/blog\/wp-json\/wp\/v2\/posts\/11843\/revisions"}],"predecessor-version":[{"id":11845,"href":"https:\/\/www.associationdemarie.org\/blog\/wp-json\/wp\/v2\/posts\/11843\/revisions\/11845"}],"wp:attachment":[{"href":"https:\/\/www.associationdemarie.org\/blog\/wp-json\/wp\/v2\/media?parent=11843"}],"wp:term":[{"taxonomy":"category","embeddable":true,"href":"https:\/\/www.associationdemarie.org\/blog\/wp-json\/wp\/v2\/categories?post=11843"},{"taxonomy":"post_tag","embeddable":true,"href":"https:\/\/www.associationdemarie.org\/blog\/wp-json\/wp\/v2\/tags?post=11843"}],"curies":[{"name":"wp","href":"https:\/\/api.w.org\/{rel}","templated":true}]}}