{"id":11803,"date":"2015-10-12T01:32:56","date_gmt":"2015-10-12T00:32:56","guid":{"rendered":"http:\/\/www.associationdemarie.org\/blog\/?p=11803"},"modified":"2015-09-26T07:39:20","modified_gmt":"2015-09-26T06:39:20","slug":"la-terre-appartient-a-dieu","status":"publish","type":"post","link":"https:\/\/www.associationdemarie.org\/blog\/la-terre-appartient-a-dieu\/","title":{"rendered":"La Terre appartient \u00e0 Dieu"},"content":{"rendered":"<p><a href=\"https:\/\/www.associationdemarie.org\/blog\/wp-content\/uploads\/2015\/09\/october_nature_reflection_fall_nice_lovely_hd-wallpaper-1594777.jpg\"><img loading=\"lazy\" decoding=\"async\" class=\"aligncenter  wp-image-11804\" src=\"https:\/\/www.associationdemarie.org\/blog\/wp-content\/uploads\/2015\/09\/october_nature_reflection_fall_nice_lovely_hd-wallpaper-1594777.jpg\" alt=\"october_nature_reflection_fall_nice_lovely_hd-wallpaper-1594777\" width=\"445\" height=\"250\" srcset=\"https:\/\/www.associationdemarie.org\/blog\/wp-content\/uploads\/2015\/09\/october_nature_reflection_fall_nice_lovely_hd-wallpaper-1594777.jpg 1440w, https:\/\/www.associationdemarie.org\/blog\/wp-content\/uploads\/2015\/09\/october_nature_reflection_fall_nice_lovely_hd-wallpaper-1594777-300x168.jpg 300w, https:\/\/www.associationdemarie.org\/blog\/wp-content\/uploads\/2015\/09\/october_nature_reflection_fall_nice_lovely_hd-wallpaper-1594777-1024x575.jpg 1024w\" sizes=\"auto, (max-width: 445px) 100vw, 445px\" \/><\/a><\/p>\n<p>\u00ab La terre appartient \u00e0 Dieu \u00bb. Ces paroles sont une protestation, un cri, une prise de conscience essentiels. Elles proviennent du Deut\u00e9ronome : \u00ab C\u2019est au Seigneur ton Dieu qu\u2019appartiennent les cieux et les hauteurs des cieux, la terre et tout ce qu\u2019elle renferme \u00bb (Dt 10,14). Des mots \u00e0 m\u00e9diter, longuement, inlassablement m\u00eame, en cette p\u00e9riode o\u00f9 la fragilit\u00e9 de la plan\u00e8te se fait sentir de fa\u00e7on croissante, et celle de l\u2019homme plus encore. Ni les fronti\u00e8res ni la force ne peuvent contenir des flux migratoires qui s\u2019apparentent \u00e0 un exode, comme en connurent tristement nos a\u00een\u00e9s en des temps pas si lointains. Les mots du Deut\u00e9ronome sont une boussole susceptible d\u2019aimanter notre marche et de nous rendre \u2013 avec clart\u00e9 \u2013 la direction de l\u2019homme et de Dieu. (&#8230;)<br \/>\n\u00ab La crise \u00e9cologique nous appelle \u00e0 une conversion spirituelle profonde?: les chr\u00e9tiens sont appel\u00e9s \u00e0 une \u201cconversion \u00e9cologique, qui implique de laisser jaillir toutes les cons\u00e9quences de leur rencontre avec J\u00e9sus-Christ sur les relations avec le monde qui les entoure\u201d \u00bb, affirme le pape, en faisant r\u00e9f\u00e9rence \u00e0 son encyclique Laudato si\u2019. \u00abLa Journ\u00e9e mondiale annuelle de pri\u00e8re pour la sauvegarde de la Cr\u00e9ation, [le 1er septembre], offrira \u00e0 chacun des croyants et aux communaut\u00e9s la pr\u00e9cieuse opportunit\u00e9 de renouveler leur adh\u00e9sion personnelle \u00e0 leur vocation de gardiens de la cr\u00e9ation, en rendant gr\u00e2ce \u00e0 Dieu pour l\u2019\u0153uvre merveilleuse qu\u2019Il a confi\u00e9e \u00e0 nos soins et en invoquant son aide pour la protection de la cr\u00e9ation et sa mis\u00e9ricorde pour les p\u00e9ch\u00e9s commis contre le monde dans lequel nous vivons \u00bb.<br \/>\nLe 1er septembre marque une date dans la conscience \u0153cum\u00e9nique et dans celle de notre responsabilit\u00e9 \u00e0 l\u2019\u00e9gard de la plan\u00e8te, alors que se pr\u00e9pare la conf\u00e9rence mondiale sur le climat (COP21) qui doit se tenir d\u00e9but d\u00e9cembre \u00e0 Paris. En ce temps de rentr\u00e9e et de d\u00e9cisions multiples, nous sommes invit\u00e9s \u00e0 allier la pri\u00e8re et l\u2019attention \u00e0 la plan\u00e8te, la conscience de notre responsabilit\u00e9 \u00e0 l\u2019\u00e9gard d\u2019autrui et \u00e0 l\u2019\u00e9gard de tous. Laudato si\u2019 ! La louange nous accompagne en chemin, pour marcher le pas l\u00e9ger. L\u2019Esprit nous pr\u00e9c\u00e8de.<\/p>\n<p>P. Jacques Nieuviarts, conseiller \u00e9ditorial de Prions en \u00c9glise<br \/>\nseptembre2015<br \/>\nprionseneglise.fr<\/p>\n<p>&nbsp;<\/p>\n<p>&nbsp;<\/p>\n<p>&nbsp;<\/p>\n","protected":false},"excerpt":{"rendered":"<p>\u00ab La terre appartient \u00e0 Dieu \u00bb. Ces paroles sont une protestation, un cri, une prise de conscience essentiels. Elles proviennent du Deut\u00e9ronome : \u00ab C\u2019est au Seigneur ton Dieu qu\u2019appartiennent les cieux et les hauteurs des cieux, la terre et tout ce qu\u2019elle renferme \u00bb (Dt 10,14). Des mots \u00e0 m\u00e9diter, longuement, inlassablement m\u00eame, [&hellip;]<\/p>\n","protected":false},"author":2,"featured_media":0,"comment_status":"closed","ping_status":"closed","sticky":false,"template":"","format":"standard","meta":{"footnotes":""},"categories":[16],"tags":[269,295,1382,1347],"class_list":["post-11803","post","type-post","status-publish","format-standard","hentry","category-jardins-de-la-bible","tag-creation","tag-dieu","tag-ecritures","tag-laudato-si"],"_links":{"self":[{"href":"https:\/\/www.associationdemarie.org\/blog\/wp-json\/wp\/v2\/posts\/11803","targetHints":{"allow":["GET"]}}],"collection":[{"href":"https:\/\/www.associationdemarie.org\/blog\/wp-json\/wp\/v2\/posts"}],"about":[{"href":"https:\/\/www.associationdemarie.org\/blog\/wp-json\/wp\/v2\/types\/post"}],"author":[{"embeddable":true,"href":"https:\/\/www.associationdemarie.org\/blog\/wp-json\/wp\/v2\/users\/2"}],"replies":[{"embeddable":true,"href":"https:\/\/www.associationdemarie.org\/blog\/wp-json\/wp\/v2\/comments?post=11803"}],"version-history":[{"count":2,"href":"https:\/\/www.associationdemarie.org\/blog\/wp-json\/wp\/v2\/posts\/11803\/revisions"}],"predecessor-version":[{"id":11806,"href":"https:\/\/www.associationdemarie.org\/blog\/wp-json\/wp\/v2\/posts\/11803\/revisions\/11806"}],"wp:attachment":[{"href":"https:\/\/www.associationdemarie.org\/blog\/wp-json\/wp\/v2\/media?parent=11803"}],"wp:term":[{"taxonomy":"category","embeddable":true,"href":"https:\/\/www.associationdemarie.org\/blog\/wp-json\/wp\/v2\/categories?post=11803"},{"taxonomy":"post_tag","embeddable":true,"href":"https:\/\/www.associationdemarie.org\/blog\/wp-json\/wp\/v2\/tags?post=11803"}],"curies":[{"name":"wp","href":"https:\/\/api.w.org\/{rel}","templated":true}]}}