{"id":11778,"date":"2015-10-06T01:40:09","date_gmt":"2015-10-06T00:40:09","guid":{"rendered":"http:\/\/www.associationdemarie.org\/blog\/?p=11778"},"modified":"2015-09-21T19:43:06","modified_gmt":"2015-09-21T18:43:06","slug":"marthe-et-marie-dans-lunique-corps-du-christ","status":"publish","type":"post","link":"https:\/\/www.associationdemarie.org\/blog\/marthe-et-marie-dans-lunique-corps-du-christ\/","title":{"rendered":"Marthe et Marie dans l&rsquo;unique corps du Christ"},"content":{"rendered":"<p><a href=\"https:\/\/www.associationdemarie.org\/blog\/wp-content\/uploads\/2013\/07\/martheetmarie.jpg\"><img loading=\"lazy\" decoding=\"async\" class=\"aligncenter  wp-image-7816\" src=\"https:\/\/www.associationdemarie.org\/blog\/wp-content\/uploads\/2013\/07\/martheetmarie.jpg\" alt=\"martheetmarie\" width=\"387\" height=\"502\" srcset=\"https:\/\/www.associationdemarie.org\/blog\/wp-content\/uploads\/2013\/07\/martheetmarie.jpg 465w, https:\/\/www.associationdemarie.org\/blog\/wp-content\/uploads\/2013\/07\/martheetmarie-231x300.jpg 231w\" sizes=\"auto, (max-width: 387px) 100vw, 387px\" \/><\/a><\/p>\n<p>Dans la parabole du bon Samaritain, il a \u00e9t\u00e9 question de la mis\u00e9ricorde ; mais il n&rsquo;y a pas qu&rsquo;une seule mani\u00e8re d&rsquo;\u00eatre vertueux. Vient ensuite l&rsquo;exemple de Marthe et de Marie ; on y voit l&rsquo;une d\u00e9vou\u00e9e par son action, l&rsquo;autre religieusement attentive \u00e0 la parole de Dieu. Si cette attention s&rsquo;accorde avec la foi, elle est pr\u00e9f\u00e9rable m\u00eame aux \u0153uvres, selon ce qui est \u00e9crit : \u00ab C&rsquo;est Marie qui a choisi la meilleure part ; elle ne lui sera pas enlev\u00e9e \u00bb. Effor\u00e7ons-nous donc, nous aussi, de poss\u00e9der ce que personne ne peut nous enlever ; pr\u00eatons une oreille non pas distraite, mais attentive&#8230; Soyons comme Marie, anim\u00e9e du d\u00e9sir de la sagesse : c&rsquo;est l\u00e0 une \u0153uvre plus grande, plus parfaite que les autres&#8230; Ne critique donc pas, ne juge pas oisifs ceux que tu vois d\u00e9sirer cette sagesse&#8230;<\/p>\n<p>Marthe, pourtant, n&rsquo;est pas critiqu\u00e9e pour ses bons offices, m\u00eame si Marie a choisi la meilleure part. J\u00e9sus, en effet, a de multiples richesses et fait de multiples largesses&#8230; Les ap\u00f4tres aussi n&rsquo;ont pas jug\u00e9 que le mieux \u00e9tait de laisser la parole de Dieu pour servir aux tables (Ac 6,2). Mais les deux choses sont \u0153uvres de sagesse ; Etienne pour sa part, qui \u00e9tait plein de sagesse, a \u00e9t\u00e9 choisi comme serviteur. Donc, que celui qui sert ob\u00e9isse \u00e0 celui qui enseigne, et que celui qui enseigne encourage celui qui sert. Un est le corps de l&rsquo;\u00c9glise, m\u00eame si les membres sont divers ; l&rsquo;un a besoin de l&rsquo;autre. \u00ab L&rsquo;\u0153il ne peut pas dire \u00e0 la main : Je n&rsquo;ai pas besoin de toi, ni de m\u00eame la t\u00eate aux pieds \u00bb (1Co 12,14s). L&rsquo;oreille ne peut pas dire qu&rsquo;elle ne fait pas partie du corps. Il y a des organes qui sont plus importants ; les autres sont cependant n\u00e9cessaires.<\/p>\n<p>Saint Ambroise (v. 340-397), \u00e9v\u00eaque de Milan et docteur de l&rsquo;\u00c9glise<br \/>\nTrait\u00e9 sur l&rsquo;Evangile de saint Luc, 7, 85-86 (trad. V\u00e9ricel, L&rsquo;Evangile comment\u00e9, p. 242 ; cf SC 52, p. 36)<\/p>\n<p>&nbsp;<\/p>\n<p>&nbsp;<\/p>\n<p>&nbsp;<\/p>\n","protected":false},"excerpt":{"rendered":"<p>Dans la parabole du bon Samaritain, il a \u00e9t\u00e9 question de la mis\u00e9ricorde ; mais il n&rsquo;y a pas qu&rsquo;une seule mani\u00e8re d&rsquo;\u00eatre vertueux. Vient ensuite l&rsquo;exemple de Marthe et de Marie ; on y voit l&rsquo;une d\u00e9vou\u00e9e par son action, l&rsquo;autre religieusement attentive \u00e0 la parole de Dieu. Si cette attention s&rsquo;accorde avec la [&hellip;]<\/p>\n","protected":false},"author":2,"featured_media":0,"comment_status":"closed","ping_status":"closed","sticky":false,"template":"","format":"standard","meta":{"footnotes":""},"categories":[3,13,1261,28],"tags":[264,1382,336,646,678,1007,1369],"class_list":["post-11778","post","type-post","status-publish","format-standard","hentry","category-liturgique","category-ecritures","category-enseignement-2","category-saints-et-saintes","tag-corps-du-christ","tag-ecritures","tag-eglise","tag-marthe-et-marie","tag-misericorde","tag-st-ambroise","tag-vertu"],"_links":{"self":[{"href":"https:\/\/www.associationdemarie.org\/blog\/wp-json\/wp\/v2\/posts\/11778","targetHints":{"allow":["GET"]}}],"collection":[{"href":"https:\/\/www.associationdemarie.org\/blog\/wp-json\/wp\/v2\/posts"}],"about":[{"href":"https:\/\/www.associationdemarie.org\/blog\/wp-json\/wp\/v2\/types\/post"}],"author":[{"embeddable":true,"href":"https:\/\/www.associationdemarie.org\/blog\/wp-json\/wp\/v2\/users\/2"}],"replies":[{"embeddable":true,"href":"https:\/\/www.associationdemarie.org\/blog\/wp-json\/wp\/v2\/comments?post=11778"}],"version-history":[{"count":1,"href":"https:\/\/www.associationdemarie.org\/blog\/wp-json\/wp\/v2\/posts\/11778\/revisions"}],"predecessor-version":[{"id":11779,"href":"https:\/\/www.associationdemarie.org\/blog\/wp-json\/wp\/v2\/posts\/11778\/revisions\/11779"}],"wp:attachment":[{"href":"https:\/\/www.associationdemarie.org\/blog\/wp-json\/wp\/v2\/media?parent=11778"}],"wp:term":[{"taxonomy":"category","embeddable":true,"href":"https:\/\/www.associationdemarie.org\/blog\/wp-json\/wp\/v2\/categories?post=11778"},{"taxonomy":"post_tag","embeddable":true,"href":"https:\/\/www.associationdemarie.org\/blog\/wp-json\/wp\/v2\/tags?post=11778"}],"curies":[{"name":"wp","href":"https:\/\/api.w.org\/{rel}","templated":true}]}}