{"id":11741,"date":"2015-09-27T01:07:37","date_gmt":"2015-09-27T00:07:37","guid":{"rendered":"http:\/\/www.associationdemarie.org\/blog\/?p=11741"},"modified":"2015-09-12T09:09:05","modified_gmt":"2015-09-12T08:09:05","slug":"st-vincent-de-paul-pretre-et-fond-1581-1660-mem","status":"publish","type":"post","link":"https:\/\/www.associationdemarie.org\/blog\/st-vincent-de-paul-pretre-et-fond-1581-1660-mem\/","title":{"rendered":"St Vincent de Paul, pr\u00eatre et fond. (1581-1660) &#8211; m\u00e9m. &#8211;"},"content":{"rendered":"<p><a href=\"https:\/\/www.associationdemarie.org\/blog\/wp-content\/uploads\/2013\/09\/San_Vincenzo_de_Paoli_Y.jpg\"><img loading=\"lazy\" decoding=\"async\" class=\"aligncenter size-full wp-image-8184\" src=\"https:\/\/www.associationdemarie.org\/blog\/wp-content\/uploads\/2013\/09\/San_Vincenzo_de_Paoli_Y.jpg\" alt=\"St Vincent de Paul\" width=\"330\" height=\"445\" srcset=\"https:\/\/www.associationdemarie.org\/blog\/wp-content\/uploads\/2013\/09\/San_Vincenzo_de_Paoli_Y.jpg 330w, https:\/\/www.associationdemarie.org\/blog\/wp-content\/uploads\/2013\/09\/San_Vincenzo_de_Paoli_Y-222x300.jpg 222w\" sizes=\"auto, (max-width: 330px) 100vw, 330px\" \/><\/a><\/p>\n<p><em>Ce saint, dont le nom est devenu synonyme de charit\u00e9, est l&rsquo;une des plus pures gloires de la France et de l&rsquo;humanit\u00e9 tout enti\u00e8re.<\/em><\/p>\n<p>Vincent na\u00eet \u00e0 Pouy, pr\u00e8s de Dax (France), le 24 avril 1581. Ses parents faisaient valoir une petite ferme et vivaient du travail de leurs mains. Les premi\u00e8res ann\u00e9es de Vincent se pass\u00e8rent \u00e0 la garde des troupeaux. Un jour qu&rsquo;il avait ramass\u00e9 jusqu&rsquo;\u00e0 trente sous, somme consid\u00e9rable pour lui, il la donna au malheureux qui lui parut le plus d\u00e9laiss\u00e9. Quand ses parents l&rsquo;envoyaient au moulin, s&rsquo;il rencontrait des pauvres sur sa route, il ouvrait le sac de farine et leur en donnait \u00e0 discr\u00e9tion.<br \/>\nSon p\u00e8re, t\u00e9moin de sa charit\u00e9 et devinant sa rare intelligence, r\u00e9solut de s&rsquo;imposer les plus durs sacrifices pour le faire \u00e9tudier et le pousser au sacerdoce : \u00ab Il sera bon pr\u00eatre, disait-il, car il a le c\u0153ur tendre. \u00bb \u00c0 vingt ans, il \u00e9tudie la th\u00e9ologie \u00e0 Toulouse et re\u00e7oit bient\u00f4t le grade de docteur.<\/p>\n<p>Ordonn\u00e9 en 1600, \u00e0 l\u2019\u00e2ge de 19 ans, un an apr\u00e8s son ordination il se rend \u00e0 Marseille pour recueillir un legs que lui a laiss\u00e9 un de ses amis. Au retour, voyageant par mer pour se rendre \u00e0 Narbonne, il est pris par des pirates et emmen\u00e9 captif en Afrique. Sa captivit\u00e9, d&rsquo;abord tr\u00e8s dure et accompagn\u00e9e de fortes \u00e9preuves pour sa foi, se termina par la conversion de son ma\u00eetre, qui lui rendit la libert\u00e9.<\/p>\n<p>Les circonstances le font nommer aum\u00f4nier g\u00e9n\u00e9ral des gal\u00e8res, et il se d\u00e9voue au salut de ces malheureux criminels avec une charit\u00e9 couronn\u00e9e des plus grands succ\u00e8s. La Providence semble le conduire partout o\u00f9 il y a des plaies de l&rsquo;humanit\u00e9 \u00e0 gu\u00e9rir.<\/p>\n<p>\u00c0 une \u00e9poque o\u00f9 la famine et les mis\u00e8res de toutes sortes exercent les plus affreux ravages, il fait des prodiges de d\u00e9vouement; des sommes incalculables passent par ses mains dans le sein des pauvres, il sauve \u00e0 lui seul des villes et des provinces enti\u00e8res. Ne pouvant se multiplier, il fonde, en divers lieux, des Confr\u00e9ries de Dames de la Charit\u00e9, puis l&rsquo;ordre des Filles de la Charit\u00e9 (1623), plus connues sous le nom des S\u0153urs de Saint-Vincent-de-Paul. Nulle mis\u00e8re ne le laisse insensible ; il trouve le moyen de ramasser lui-m\u00eame et de prot\u00e9ger partout des multitudes d&rsquo;enfants expos\u00e9s \u00e0 l&rsquo;abandon et \u00e0 la mort, et m\u00e9rite le nom de P\u00e8re des enfants trouv\u00e9s.<\/p>\n<p>Il a form\u00e9 des l\u00e9gions d&rsquo;anges de charit\u00e9 ; mais il lui faut des l\u00e9gions d&rsquo;ap\u00f4tres, et il fonde les Pr\u00eatres de la Mission (1625), destin\u00e9s \u00e0 \u00e9vang\u00e9liser la France et m\u00eame les peuples infid\u00e8les.<\/p>\n<p>En 1638 d\u00e9bute l&rsquo;\u0153uvre des \u00ab Enfants Trouv\u00e9s \u00bb. Il cr\u00e9a pour cela un \u00e9tablissement pour les enfants trouv\u00e9s.<br \/>\nSon action ne s&rsquo;arr\u00eatait jamais. Il envoyait ses missionnaires dans tout le royaume et \u00e0 l&rsquo;\u00e9tranger:<br \/>\n&#8211; 1639 voit Vincent organis\u00e9 les secours en Lorraine (ravag\u00e9e par la guerre, la peste et la famine).<br \/>\n&#8211; 1646 Fondation de la mission d&rsquo;Alger.<br \/>\n&#8211; 1648 Fondation de la mission de Madagascar.<br \/>\n&#8211; 1649 D\u00e9marche de Saint Vincent aupr\u00e8s de la Reine et Mazarin en faveur de la paix.<br \/>\n&#8211; 1651 Vincent organise des secours en Picardie, Champagne et Ile-de France, d\u00e9vast\u00e9es par la guerre. C&rsquo;est l&rsquo;ann\u00e9e de la Fondation de la mission de Pologne.<\/p>\n<p>Accabl\u00e9 d&rsquo;infirmit\u00e9s et de souffrances \u00e0 la fin de sa vie, il meurt \u00e0 Saint-Lazare le 27 septembre 1660. Louise de Marillac \u00e9tait d\u00e9c\u00e9d\u00e9e peu de temps avant lui le 15 mars 1660. On lui fit des fun\u00e9railles exceptionnelles. Toutes les \u0153uvres qu&rsquo;il avait cr\u00e9\u00e9es \u00e9taient repr\u00e9sent\u00e9es, Les princes se m\u00ealaient aux pauvres dans la foule venue honorer le bienfaiteur que l&rsquo;on v\u00e9n\u00e9ra comme un saint.<\/p>\n<p>Il fut b\u00e9atifi\u00e9 par Beno\u00eet XIII (Pietro Francesco Orsini, 1724-1730) le 12 ao\u00fbt 1729 et canonis\u00e9 par Cl\u00e9ment XII (Lorenzo Corsini, 1730-1740) le 16 juin 1737. Actuellement son corps est expos\u00e9 dans la Chapelle des Lazaristes, 95, rue de S\u00e8vres, \u00e0 Paris-VIe.<\/p>\n<p style=\"text-align: center;\">Pour un approfondissement biographique :<br \/>\n&gt;&gt;&gt; Saint Vincent-de-Paul<br \/>\nPour en savoir plus encore :<br \/>\n&gt;&gt;&gt; Ses \u0153uvres et ses biographies<\/p>\n<p>Source principale : viechretienne.catholique.org ; wikip\u00e9dia.org (\u00ab R\u00e9v. x gpm \u00bb).<\/p>\n<p>&nbsp;<\/p>\n<p>&nbsp;<\/p>\n<p>&nbsp;<\/p>\n<p>&nbsp;<\/p>\n<p>&nbsp;<\/p>\n","protected":false},"excerpt":{"rendered":"<p>Ce saint, dont le nom est devenu synonyme de charit\u00e9, est l&rsquo;une des plus pures gloires de la France et de l&rsquo;humanit\u00e9 tout enti\u00e8re. Vincent na\u00eet \u00e0 Pouy, pr\u00e8s de Dax (France), le 24 avril 1581. Ses parents faisaient valoir une petite ferme et vivaient du travail de leurs mains. Les premi\u00e8res ann\u00e9es de Vincent [&hellip;]<\/p>\n","protected":false},"author":2,"featured_media":0,"comment_status":"closed","ping_status":"closed","sticky":false,"template":"","format":"standard","meta":{"footnotes":""},"categories":[15,28],"tags":[1084],"class_list":["post-11741","post","type-post","status-publish","format-standard","hentry","category-histoire","category-saints-et-saintes","tag-st-vincent-de-paul"],"_links":{"self":[{"href":"https:\/\/www.associationdemarie.org\/blog\/wp-json\/wp\/v2\/posts\/11741","targetHints":{"allow":["GET"]}}],"collection":[{"href":"https:\/\/www.associationdemarie.org\/blog\/wp-json\/wp\/v2\/posts"}],"about":[{"href":"https:\/\/www.associationdemarie.org\/blog\/wp-json\/wp\/v2\/types\/post"}],"author":[{"embeddable":true,"href":"https:\/\/www.associationdemarie.org\/blog\/wp-json\/wp\/v2\/users\/2"}],"replies":[{"embeddable":true,"href":"https:\/\/www.associationdemarie.org\/blog\/wp-json\/wp\/v2\/comments?post=11741"}],"version-history":[{"count":1,"href":"https:\/\/www.associationdemarie.org\/blog\/wp-json\/wp\/v2\/posts\/11741\/revisions"}],"predecessor-version":[{"id":11742,"href":"https:\/\/www.associationdemarie.org\/blog\/wp-json\/wp\/v2\/posts\/11741\/revisions\/11742"}],"wp:attachment":[{"href":"https:\/\/www.associationdemarie.org\/blog\/wp-json\/wp\/v2\/media?parent=11741"}],"wp:term":[{"taxonomy":"category","embeddable":true,"href":"https:\/\/www.associationdemarie.org\/blog\/wp-json\/wp\/v2\/categories?post=11741"},{"taxonomy":"post_tag","embeddable":true,"href":"https:\/\/www.associationdemarie.org\/blog\/wp-json\/wp\/v2\/tags?post=11741"}],"curies":[{"name":"wp","href":"https:\/\/api.w.org\/{rel}","templated":true}]}}