{"id":1173,"date":"2010-07-09T05:06:36","date_gmt":"2010-07-09T05:06:36","guid":{"rendered":"http:\/\/preprod.meltem-int.com\/marie\/blog\/?p=1173"},"modified":"2010-07-09T05:06:36","modified_gmt":"2010-07-09T05:06:36","slug":"st-benoit-de-nursie-patron-de-leurope-fondateur-480-547","status":"publish","type":"post","link":"https:\/\/www.associationdemarie.org\/blog\/st-benoit-de-nursie-patron-de-leurope-fondateur-480-547\/","title":{"rendered":"St Beno\u00eet de Nursie (patron de l&rsquo;Europe), fondateur (480-547)"},"content":{"rendered":"<p><em>Dimanche, nous c\u00e9l\u00e9brerons ce grand Saint, devant l&rsquo;\u00e9difice qui porte son nom, puisque le site d&rsquo;Ardouane abrita le coll\u00e8ge St Beno\u00eet.<\/em><\/p>\n<p>Ce P\u00e8re des moines d&rsquo;Occident <a href=\"https:\/\/www.associationdemarie.org\/blog\/wp-content\/uploads\/2010\/07\/San_Benedetto_da_Norcia_AE.jpg\"><img loading=\"lazy\" decoding=\"async\" class=\"alignright size-medium wp-image-1174\" title=\"San_Benedetto_da_Norcia_AE\" src=\"https:\/\/www.associationdemarie.org\/blog\/wp-content\/uploads\/2010\/07\/San_Benedetto_da_Norcia_AE-200x300.jpg\" alt=\"\" width=\"200\" height=\"300\" srcset=\"https:\/\/www.associationdemarie.org\/blog\/wp-content\/uploads\/2010\/07\/San_Benedetto_da_Norcia_AE-200x300.jpg 200w, https:\/\/www.associationdemarie.org\/blog\/wp-content\/uploads\/2010\/07\/San_Benedetto_da_Norcia_AE.jpg 400w\" sizes=\"auto, (max-width: 200px) 100vw, 200px\" \/><\/a>naquit dans une petite ville des montagnes de l&rsquo;Ombrie, d&rsquo;une des plus illustres familles de ce pays. Le Pape saint Gr\u00e9goire assure que le nom de Beno\u00eet lui fut providentiellement donn\u00e9 comme gage des b\u00e9n\u00e9dictions c\u00e9lestes dont il devait \u00eatre combl\u00e9.<\/p>\n<p>Craignant la contagion du monde, il r\u00e9solut, \u00e0 l&rsquo;\u00e2ge de quatorze ans, de s&rsquo;enfuir dans un d\u00e9sert pour s&rsquo;abandonner enti\u00e8rement au service de Dieu. Il parvint au d\u00e9sert de Subiaco, \u00e0 quarante milles de Rome, sans savoir comment il y subsisterait\u00a0; mais Dieu y pourvut par le moyen d&rsquo;un pieux moine nomm\u00e9 Romain, qui se chargea de lui faire parvenir sa frugale provision de chaque jour.<\/p>\n<p>Le jeune solitaire excita bient\u00f4t par sa vertu la rage de Satan\u00a0; celui-ci apparut sous la forme d&rsquo;un merle et l&rsquo;obs\u00e9da d&rsquo;une si terrible tentation de la chair, que Beno\u00eet fut un instant port\u00e9 \u00e0 abandonner sa retraite\u00a0; mais, la gr\u00e2ce prenant le dessus, il chassa le d\u00e9mon d&rsquo;un signe de la Croix et alla se rouler nu sur un buisson d&rsquo;\u00e9pines, tout pr\u00e8s de sa grotte sauvage. Le sang qu&rsquo;il versa affaiblit son corps et gu\u00e9rit son \u00e2me pour toujours. Le buisson s&rsquo;est chang\u00e9 en un rosier\u00a0: de ce buisson, de ce rosier est sorti l&rsquo;arbre immense de l&rsquo;Ordre b\u00e9n\u00e9dictin, qui a couvert le monde.<\/p>\n<p>Les combats de Beno\u00eet n&rsquo;\u00e9taient point finis. Des moines du voisinage l&rsquo;avaient choisi pour ma\u00eetre malgr\u00e9 lui\u00a0; bient\u00f4t ils cherch\u00e8rent \u00e0 se d\u00e9barrasser de lui par le poison\u00a0; le saint b\u00e9nit la coupe, qui se brisa, \u00e0 la grande confusion des coupables. Cependant il \u00e9tait dans l&rsquo;ordre de la Providence que Beno\u00eet dev\u00eent le P\u00e8re d&rsquo;un grand peuple de moines, et il ne put se soustraire \u00e0 cette mission\u00a0; de nombreux monast\u00e8res se fond\u00e8rent sous sa direction, se multipli\u00e8rent bient\u00f4t par toute l&rsquo;Europe et devinrent une p\u00e9pini\u00e8re in\u00e9puisable d&rsquo;\u00e9v\u00eaques, de papes et de saints.<\/p>\n<p>Parmi ses innombrables miracles, citons les deux suivants\u00a0: un de ses moines avait, en travaillant, laiss\u00e9 tomber le fer de sa hache dans la rivi\u00e8re. Beno\u00eet prit le manche de bois, le jeta sur l&rsquo;eau, et le fer, remontant \u00e0 la surface, revint prendre sa place. Une autre fois, c\u00e9dant aux importunes pri\u00e8res d&rsquo;un p\u00e8re qui le sollicitait de ressusciter son fils, Beno\u00eet se couche sur l&rsquo;enfant et dit\u00a0: \u00ab\u00a0Seigneur, ne regardez pas mes p\u00e9ch\u00e9s, mais la foi de cet homme\u00a0!\u00a0\u00bb Aussit\u00f4t l&rsquo;enfant s&rsquo;agite et va se jeter dans les bras paternels.<\/p>\n<p><em>Abb\u00e9 L. Jaud, Vie des Saints pour tous les jours de l&rsquo;ann\u00e9e, Tours, Mame, 1950.<\/em><\/p>\n","protected":false},"excerpt":{"rendered":"<p>Dimanche, nous c\u00e9l\u00e9brerons ce grand Saint, devant l&rsquo;\u00e9difice qui porte son nom, puisque le site d&rsquo;Ardouane abrita le coll\u00e8ge St Beno\u00eet. Ce P\u00e8re des moines d&rsquo;Occident naquit dans une petite ville des montagnes de l&rsquo;Ombrie, d&rsquo;une des plus illustres familles de ce pays. Le Pape saint Gr\u00e9goire assure que le nom de Beno\u00eet lui fut [&hellip;]<\/p>\n","protected":false},"author":2,"featured_media":0,"comment_status":"closed","ping_status":"closed","sticky":false,"template":"","format":"standard","meta":{"footnotes":""},"categories":[3,17,28],"tags":[99,139,616,681,923,1016],"class_list":["post-1173","post","type-post","status-publish","format-standard","hentry","category-liturgique","category-maison-de-marie-dardouane","category-saints-et-saintes","tag-ardouane","tag-benedictins","tag-maison-de-marie","tag-moine","tag-saint","tag-st-benoit"],"_links":{"self":[{"href":"https:\/\/www.associationdemarie.org\/blog\/wp-json\/wp\/v2\/posts\/1173","targetHints":{"allow":["GET"]}}],"collection":[{"href":"https:\/\/www.associationdemarie.org\/blog\/wp-json\/wp\/v2\/posts"}],"about":[{"href":"https:\/\/www.associationdemarie.org\/blog\/wp-json\/wp\/v2\/types\/post"}],"author":[{"embeddable":true,"href":"https:\/\/www.associationdemarie.org\/blog\/wp-json\/wp\/v2\/users\/2"}],"replies":[{"embeddable":true,"href":"https:\/\/www.associationdemarie.org\/blog\/wp-json\/wp\/v2\/comments?post=1173"}],"version-history":[{"count":0,"href":"https:\/\/www.associationdemarie.org\/blog\/wp-json\/wp\/v2\/posts\/1173\/revisions"}],"wp:attachment":[{"href":"https:\/\/www.associationdemarie.org\/blog\/wp-json\/wp\/v2\/media?parent=1173"}],"wp:term":[{"taxonomy":"category","embeddable":true,"href":"https:\/\/www.associationdemarie.org\/blog\/wp-json\/wp\/v2\/categories?post=1173"},{"taxonomy":"post_tag","embeddable":true,"href":"https:\/\/www.associationdemarie.org\/blog\/wp-json\/wp\/v2\/tags?post=1173"}],"curies":[{"name":"wp","href":"https:\/\/api.w.org\/{rel}","templated":true}]}}