{"id":11719,"date":"2015-09-20T01:29:49","date_gmt":"2015-09-20T00:29:49","guid":{"rendered":"http:\/\/www.associationdemarie.org\/blog\/?p=11719"},"modified":"2015-09-06T07:47:54","modified_gmt":"2015-09-06T06:47:54","slug":"si-quelquun-veut-etre-le-premier-quil-soit-le-dernier-de-tous-et-le-serviteur-de-tous","status":"publish","type":"post","link":"https:\/\/www.associationdemarie.org\/blog\/si-quelquun-veut-etre-le-premier-quil-soit-le-dernier-de-tous-et-le-serviteur-de-tous\/","title":{"rendered":"\u00ab Si quelqu&rsquo;un veut \u00eatre le premier, qu&rsquo;il soit le dernier de tous et le serviteur de tous. \u00bb"},"content":{"rendered":"<p><a href=\"https:\/\/www.associationdemarie.org\/blog\/wp-content\/uploads\/2015\/09\/marcher-ds-l-humilite-601x324.png\"><img loading=\"lazy\" decoding=\"async\" class=\"aligncenter  wp-image-11720\" src=\"https:\/\/www.associationdemarie.org\/blog\/wp-content\/uploads\/2015\/09\/marcher-ds-l-humilite-601x324.png\" alt=\"marcher-ds-l-humilite-601x324\" width=\"475\" height=\"256\" srcset=\"https:\/\/www.associationdemarie.org\/blog\/wp-content\/uploads\/2015\/09\/marcher-ds-l-humilite-601x324.png 601w, https:\/\/www.associationdemarie.org\/blog\/wp-content\/uploads\/2015\/09\/marcher-ds-l-humilite-601x324-300x162.png 300w\" sizes=\"auto, (max-width: 475px) 100vw, 475px\" \/><\/a><\/p>\n<p>Souviens-toi de ce proverbe : \u00ab Dieu r\u00e9siste aux superbes et donne sa gr\u00e2ce aux humbles \u00bb (Jc 4,6). Aie pr\u00e9sente la parole du Seigneur : \u00ab qui s&rsquo;humilie sera \u00e9lev\u00e9, et qui s&rsquo;\u00e9l\u00e8ve sera abaiss\u00e9 \u00bb (Mt 23,12)&#8230; S&rsquo;il te semble avoir quelque chose de bon, mets-le \u00e0 ton compte, mais sans oublier tes fautes ; ne t&rsquo;enfle pas de ce que tu as fait de bien aujourd&rsquo;hui, n&rsquo;\u00e9carte pas le mal r\u00e9cent et pass\u00e9 ; si le pr\u00e9sent te donne sujet de gloriole, rappelle-toi le pass\u00e9 ; c&rsquo;est ainsi que tu perceras le stupide abc\u00e8s ! Et si tu vois ton prochain p\u00e9cher, garde-toi de ne consid\u00e9rer en lui que cette faute, mais pense aussi \u00e0 ce qu&rsquo;il fait ou \u00e0 ce qu&rsquo;il a fait de bien ; et souvent, tu le d\u00e9couvriras meilleur que toi, si tu examines l&rsquo;ensemble de ta vie et ne fais pas le calcul de choses fragmentaires. Car Dieu n&rsquo;examine pas l&rsquo;homme de fa\u00e7on fragmentaire&#8230; Rappelons-nous souvent tout cela pour nous pr\u00e9server de l&rsquo;orgueil, nous abaissant pour \u00eatre \u00e9lev\u00e9s.<\/p>\n<p>Imitons le Seigneur qui est descendu du ciel jusqu&rsquo;au dernier abaissement&#8230; Mais apr\u00e8s un tel abaissement, il a fait \u00e9clater sa gloire, glorifiant avec lui ceux qui avaient \u00e9t\u00e9 m\u00e9pris\u00e9s avec lui. Tels \u00e9taient bien en effet, ses bienheureux premiers disciples, eux qui, pauvres et nus, parcoururent l&rsquo;univers, sans paroles de sagesse, sans escorte fastueuse, mais seuls, errants et dans la peine, vagabonds sur terre et sur mer, battus de verges, lapid\u00e9s, poursuivis, et finalement mis \u00e0 mort. Tels sont pour nous les enseignements divins de notre P\u00e8re. Imitons-les pour arriver, nous aussi, \u00e0 la gloire \u00e9ternelle, ce don parfait et v\u00e9ritable du Christ.<\/p>\n<p>Saint Basile (v. 330-379), moine et \u00e9v\u00eaque de C\u00e9sar\u00e9e en Cappadoce, docteur de l&rsquo;\u00c9glise<br \/>\nHom\u00e9lie sur l&rsquo;humilit\u00e9, 5-6 (trad. Br\u00e9sard, 2000 ans B, p. 232)<\/p>\n<p>&nbsp;<\/p>\n<p>&nbsp;<\/p>\n<p>&nbsp;<\/p>\n","protected":false},"excerpt":{"rendered":"<p>Souviens-toi de ce proverbe : \u00ab Dieu r\u00e9siste aux superbes et donne sa gr\u00e2ce aux humbles \u00bb (Jc 4,6). Aie pr\u00e9sente la parole du Seigneur : \u00ab qui s&rsquo;humilie sera \u00e9lev\u00e9, et qui s&rsquo;\u00e9l\u00e8ve sera abaiss\u00e9 \u00bb (Mt 23,12)&#8230; S&rsquo;il te semble avoir quelque chose de bon, mets-le \u00e0 ton compte, mais sans oublier tes [&hellip;]<\/p>\n","protected":false},"author":2,"featured_media":0,"comment_status":"closed","ping_status":"closed","sticky":false,"template":"","format":"standard","meta":{"footnotes":""},"categories":[3,13,1261,28],"tags":[1382,487,821,1289],"class_list":["post-11719","post","type-post","status-publish","format-standard","hentry","category-liturgique","category-ecritures","category-enseignement-2","category-saints-et-saintes","tag-ecritures","tag-humilite","tag-premiers","tag-st-basile"],"_links":{"self":[{"href":"https:\/\/www.associationdemarie.org\/blog\/wp-json\/wp\/v2\/posts\/11719","targetHints":{"allow":["GET"]}}],"collection":[{"href":"https:\/\/www.associationdemarie.org\/blog\/wp-json\/wp\/v2\/posts"}],"about":[{"href":"https:\/\/www.associationdemarie.org\/blog\/wp-json\/wp\/v2\/types\/post"}],"author":[{"embeddable":true,"href":"https:\/\/www.associationdemarie.org\/blog\/wp-json\/wp\/v2\/users\/2"}],"replies":[{"embeddable":true,"href":"https:\/\/www.associationdemarie.org\/blog\/wp-json\/wp\/v2\/comments?post=11719"}],"version-history":[{"count":1,"href":"https:\/\/www.associationdemarie.org\/blog\/wp-json\/wp\/v2\/posts\/11719\/revisions"}],"predecessor-version":[{"id":11721,"href":"https:\/\/www.associationdemarie.org\/blog\/wp-json\/wp\/v2\/posts\/11719\/revisions\/11721"}],"wp:attachment":[{"href":"https:\/\/www.associationdemarie.org\/blog\/wp-json\/wp\/v2\/media?parent=11719"}],"wp:term":[{"taxonomy":"category","embeddable":true,"href":"https:\/\/www.associationdemarie.org\/blog\/wp-json\/wp\/v2\/categories?post=11719"},{"taxonomy":"post_tag","embeddable":true,"href":"https:\/\/www.associationdemarie.org\/blog\/wp-json\/wp\/v2\/tags?post=11719"}],"curies":[{"name":"wp","href":"https:\/\/api.w.org\/{rel}","templated":true}]}}