{"id":11705,"date":"2015-09-16T01:32:00","date_gmt":"2015-09-16T00:32:00","guid":{"rendered":"http:\/\/www.associationdemarie.org\/blog\/?p=11705"},"modified":"2015-09-01T18:35:16","modified_gmt":"2015-09-01T17:35:16","slug":"le-seigneur-embauche","status":"publish","type":"post","link":"https:\/\/www.associationdemarie.org\/blog\/le-seigneur-embauche\/","title":{"rendered":"Le Seigneur embauche"},"content":{"rendered":"<p><a href=\"https:\/\/www.associationdemarie.org\/blog\/wp-content\/uploads\/2015\/09\/embauche.jpg\"><img loading=\"lazy\" decoding=\"async\" class=\"aligncenter  wp-image-11706\" src=\"https:\/\/www.associationdemarie.org\/blog\/wp-content\/uploads\/2015\/09\/embauche.jpg\" alt=\"embauche\" width=\"438\" height=\"344\" srcset=\"https:\/\/www.associationdemarie.org\/blog\/wp-content\/uploads\/2015\/09\/embauche.jpg 1263w, https:\/\/www.associationdemarie.org\/blog\/wp-content\/uploads\/2015\/09\/embauche-300x235.jpg 300w, https:\/\/www.associationdemarie.org\/blog\/wp-content\/uploads\/2015\/09\/embauche-1024x803.jpg 1024w\" sizes=\"auto, (max-width: 438px) 100vw, 438px\" \/><\/a><\/p>\n<p>C\u2019est lui, le Seigneur, qui embauche. Je r\u00e9ponds \u00e0 son appel. C\u2019est lui qui s\u2019approche de moi, qui fait le premier pas, qui m\u2019invite \u00e0 le suivre. Il ne se lasse pas de sortir \u00e0 la recherche de travailleurs, de proph\u00e8tes d\u2019aujourd\u2019hui qui acceptent de se mettre \u00e0 son service. Ce n\u2019est pas une recherche \u00e9go\u00efste, bien au contraire. Car la vigne du Seigneur c\u2019est l\u2019instauration de son Royaume dans le monde, dans le c\u0153ur des hommes, en nous. C\u2019est donc pour nous, dans notre int\u00e9r\u00eat. Cultiver sa vigne, c\u2019est enseigner son peuple. Depuis les tous premiers temps de la cr\u00e9ation, notre Dieu a-t-il cess\u00e9 un instant de nous annoncer qu\u2019il nous aime ?<br \/>\nLes ouvriers ne connaissent pas le ma\u00eetre du domaine et ils murmurent contre lui. Et cependant il est juste, il ne trompe pas : il ne se trompe et il ne nous trompe pas. Il se met d\u2019accord avec nous. (&#8230;) Il nous \u00e9coute, m\u00eame quand nous r\u00e9criminons. Ils se plaignent et pourtant ce ne sont pas de si mauvais serviteurs puisqu\u2019ils ont travaill\u00e9 pour le Seigneur, ils ont endur\u00e9 la fatigue, la chaleur, la souffrance m\u00eame. Mais ils n\u2019ont peut-\u00eatre pas su la g\u00e9n\u00e9rosit\u00e9 et la bont\u00e9 que le ma\u00eetre a eues pour eux. Ils ne se rendent pas compte de la r\u00e9compense : le Ciel ! Le bonheur \u00e9ternel ! R\u00e9jouissons-nous d\u2019y \u00eatre appel\u00e9s, et d\u00e9sirons et \u0153uvrons pour que le plus de personnes possibles y arrivent. Dans notre vie combien le Seigneur nous donne, nous prot\u00e8ge, nous encourage, nous r\u00e9compense, nous pardonne ! Chaque jour, d\u00e8s aujourd\u2019hui, je peux le b\u00e9nir, le remercier de tant de bienfaits. Tous les bienfaits quotidiens, mat\u00e9riels, spirituels, mais surtout, surtout le Ciel. Il n\u2019y a s\u00fbrement qu\u2019au Ciel que nous saurons et nous rendrons compte et valoriserons tout ce qu\u2019il a fait pour nous ! Soyons comme le l\u00e9preux qui est revenu remercier J\u00e9sus de sa gu\u00e9rison et non comme les neuf autres qui ont continu\u00e9 leur vie sans rien dire \u00e0 leur gu\u00e9risseur et sauveur.<br \/>\nLaissons au Seigneur la pr\u00e9occupation de d\u00e9terminer si je suis de la premi\u00e8re heure ou de la derni\u00e8re heure. Faisons-lui confiance. \u00c0 lui les comptes, il est le ma\u00eetre de ma vigne, et il esp\u00e8re l\u2019\u00eatre de ma vie. \u00c0 moi de donner le meilleur de moi-m\u00eame dans la vigne o\u00f9 il m\u2019a envoy\u00e9, et qui est sienne. (&#8230;) Appel\u00e9s les premiers ou les derniers, nous sommes \u00e9gaux devant Dieu. Certains souffrent de la chaleur et du travail dans la vigne et d\u2019autres souffrent de la chaleur d\u2019\u00eatre sans emploi, oubli\u00e9s, rejet\u00e9s dehors. Mais notre Dieu vient pour nous tous. Il est bon, \u00e9ternel est ton amour !<\/p>\n<p>Anne-Marie Terrenoir, consacr\u00e9e de Regnum Christi<br \/>\nExtrait de la m\u00e9ditation sur la parabole des ouvriers de la derni\u00e8re heure Mt, 20, 1-16<br \/>\ncatholique.org 18\/08\/2015<\/p>\n<p>http:\/\/escapamargue.blogspot.fr<\/p>\n<p>&nbsp;<\/p>\n<p>&nbsp;<\/p>\n","protected":false},"excerpt":{"rendered":"<p>C\u2019est lui, le Seigneur, qui embauche. Je r\u00e9ponds \u00e0 son appel. C\u2019est lui qui s\u2019approche de moi, qui fait le premier pas, qui m\u2019invite \u00e0 le suivre. Il ne se lasse pas de sortir \u00e0 la recherche de travailleurs, de proph\u00e8tes d\u2019aujourd\u2019hui qui acceptent de se mettre \u00e0 son service. Ce n\u2019est pas une recherche [&hellip;]<\/p>\n","protected":false},"author":2,"featured_media":0,"comment_status":"closed","ping_status":"closed","sticky":false,"template":"","format":"standard","meta":{"footnotes":""},"categories":[13,1261],"tags":[387,748,830,967],"class_list":["post-11705","post","type-post","status-publish","format-standard","hentry","category-ecritures","category-enseignement-2","tag-evangelisation","tag-ouvriers","tag-priere","tag-seigneur"],"_links":{"self":[{"href":"https:\/\/www.associationdemarie.org\/blog\/wp-json\/wp\/v2\/posts\/11705","targetHints":{"allow":["GET"]}}],"collection":[{"href":"https:\/\/www.associationdemarie.org\/blog\/wp-json\/wp\/v2\/posts"}],"about":[{"href":"https:\/\/www.associationdemarie.org\/blog\/wp-json\/wp\/v2\/types\/post"}],"author":[{"embeddable":true,"href":"https:\/\/www.associationdemarie.org\/blog\/wp-json\/wp\/v2\/users\/2"}],"replies":[{"embeddable":true,"href":"https:\/\/www.associationdemarie.org\/blog\/wp-json\/wp\/v2\/comments?post=11705"}],"version-history":[{"count":2,"href":"https:\/\/www.associationdemarie.org\/blog\/wp-json\/wp\/v2\/posts\/11705\/revisions"}],"predecessor-version":[{"id":11708,"href":"https:\/\/www.associationdemarie.org\/blog\/wp-json\/wp\/v2\/posts\/11705\/revisions\/11708"}],"wp:attachment":[{"href":"https:\/\/www.associationdemarie.org\/blog\/wp-json\/wp\/v2\/media?parent=11705"}],"wp:term":[{"taxonomy":"category","embeddable":true,"href":"https:\/\/www.associationdemarie.org\/blog\/wp-json\/wp\/v2\/categories?post=11705"},{"taxonomy":"post_tag","embeddable":true,"href":"https:\/\/www.associationdemarie.org\/blog\/wp-json\/wp\/v2\/tags?post=11705"}],"curies":[{"name":"wp","href":"https:\/\/api.w.org\/{rel}","templated":true}]}}