{"id":11702,"date":"2015-09-15T01:11:59","date_gmt":"2015-09-15T00:11:59","guid":{"rendered":"http:\/\/www.associationdemarie.org\/blog\/?p=11702"},"modified":"2015-08-31T18:18:04","modified_gmt":"2015-08-31T17:18:04","slug":"notre-dame-des-sept-douleurs-memoire-obligatoire-3","status":"publish","type":"post","link":"https:\/\/www.associationdemarie.org\/blog\/notre-dame-des-sept-douleurs-memoire-obligatoire-3\/","title":{"rendered":"Notre-Dame des Sept-Douleurs &#8211; m\u00e9moire obligatoire"},"content":{"rendered":"<p>Le 15 septembre (depuis la r\u00e9novation liturgique du Pape Saint Pie X en 1914), la Liturgie de l&rsquo;\u00c9glise nous invite \u00e0 faire m\u00e9moire des douleurs de la Vierge Marie. \u00ab Votre peine, Vierge sacr\u00e9e, a \u00e9t\u00e9 la plus grande qu&rsquo;une pure cr\u00e9ature ait jamais endur\u00e9e ; car toutes les cruaut\u00e9s que nous lisons que l&rsquo;on a fait subir aux martyrs, ont \u00e9t\u00e9 l\u00e9g\u00e8res et comme rien en comparaison de Votre douleur. Elle a \u00e9t\u00e9 si grande et si immense, qu&rsquo;elle a crucifi\u00e9 toutes Vos entrailles et a p\u00e9n\u00e9tr\u00e9 jusque dans les plus secrets replis de Votre C\u0153ur. Pour moi, ma tr\u00e8s pieuse Ma\u00eetresse, je suis persuad\u00e9 que Vous n&rsquo;auriez jamais pu en souffrir la violence sans mourir, si l&rsquo;esprit de vie de Votre aimable Fils, pour lequel Vous souffriez de si grands tourments, ne Vous avait soutenue et fortifi\u00e9e par Sa puissance infinie \u00bb (Saint Anselme &#8211; \u00ab\u00a0De l&rsquo;exercice de la Vierge\u00a0\u00bb, I, 5)<\/p>\n<p>La M\u00e9moire obligatoire de Notre-Dame des Sept-Douleurs &#8211; que l&rsquo;\u00c9glise nous invite, en cette Octave de la Nativit\u00e9 de la Vierge, \u00e0 m\u00e9diter plus particuli\u00e8rement &#8211; a pour but de nous rappeler le martyre inou\u00ef qu&rsquo;endura l&rsquo;Auguste Vierge Marie en tant que Co-R\u00e9demptrice du genre humain. L&rsquo;\u00c9glise honore en ce jour Ses incomparables douleurs, sp\u00e9cialement celles qu&rsquo;Elle ressentit au pied de la Croix au moment de la consommation du myst\u00e8re de notre R\u00e9demption. Apr\u00e8s s&rsquo;\u00eatre concentr\u00e9 sur le d\u00e9chirement de l&rsquo;\u00e2me de Marie au jour de la Passion de Son Divin Fils, jour o\u00f9 Ses souffrances atteignirent leur maximum d&rsquo;intensit\u00e9, la pi\u00e9t\u00e9 des fid\u00e8les s&rsquo;est \u00e9tendue \u00e0 d&rsquo;autres douleurs que la Divine M\u00e8re \u00e9prouva \u00e0 diff\u00e9rentes occasions de Sa Tr\u00e8s Sainte vie. Pour illustrer les douleurs de la Vierge M\u00e8re, les peintres repr\u00e9sentent Son C\u0153ur perc\u00e9 de sept glaives, symbole des sept douleurs principales de la M\u00e8re de Dieu, qui la couronn\u00e8rent comme Reine des Martyrs. Voici la liste de ces sept douleurs dont le souvenir est cher aux vrais enfants de Marie :<\/p>\n<p>1. La proph\u00e9tie du Saint Vieillard Sym\u00e9on (Luc, 2, 34-35)<br \/>\n2. La fuite de la Sainte Famille en \u00c9gypte (Matthieu, 2, 13-21)<br \/>\n3. La disparition de J\u00e9sus pendant trois jours au Temple (Luc, 2, 41-51)<br \/>\n4. La rencontre de la Vierge Marie et J\u00e9sus sur la via dolorosa (Luc, 23, 27-31)<br \/>\n5. Marie contemplant la souffrance et la mort de J\u00e9sus sur la Croix (Jean, 19, 25-27)<br \/>\n6. La Vierge Marie accueille Son Fils mort dans Ses bras lors de la d\u00e9position de Croix.<br \/>\n7. La Vierge Marie abandonne le Corps de Son Divin Fils lors de la mise au Saint S\u00e9pulcre.<\/p>\n<p>Contemplons donc dans les bras de la Vierge Marie, l&rsquo;Homme-Dieu crucifi\u00e9 \u00e0 cause de nos iniquit\u00e9s et compatissons aux douleurs excessives de notre M\u00e8re du Ciel. Joignons nos larmes aux Siennes et d\u00e9testons nos p\u00e9ch\u00e9s qui ayant provoqu\u00e9 la mort de Son Divin Fils, ont \u00e9galement \u00e9t\u00e9 la cause de Son intime martyre. Prions-La de nous obtenir du Sauveur les gr\u00e2ces n\u00e9cessaires pour profiter de Ses exemples et imiter Ses vertus lorsqu&rsquo;Il Lui plaira de nous faire part de Ses humiliations, de Ses douleurs et de Sa croix.<\/p>\n<p style=\"text-align: center;\">Pour un approfondissement :<br \/>\n&gt;&gt;&gt; Notre-Dame des douleurs &#8211; Missel<\/p>\n<p>&nbsp;<\/p>\n<p><a href=\"https:\/\/www.associationdemarie.org\/blog\/wp-content\/uploads\/2015\/08\/DURER_Albrecht_The_Seven_Sorrows_of_the_Virgin.jpg\"><img loading=\"lazy\" decoding=\"async\" class=\"aligncenter  wp-image-11703\" src=\"https:\/\/www.associationdemarie.org\/blog\/wp-content\/uploads\/2015\/08\/DURER_Albrecht_The_Seven_Sorrows_of_the_Virgin.jpg\" alt=\"DURER_Albrecht_The_Seven_Sorrows_of_the_Virgin\" width=\"352\" height=\"504\" srcset=\"https:\/\/www.associationdemarie.org\/blog\/wp-content\/uploads\/2015\/08\/DURER_Albrecht_The_Seven_Sorrows_of_the_Virgin.jpg 850w, https:\/\/www.associationdemarie.org\/blog\/wp-content\/uploads\/2015\/08\/DURER_Albrecht_The_Seven_Sorrows_of_the_Virgin-210x300.jpg 210w, https:\/\/www.associationdemarie.org\/blog\/wp-content\/uploads\/2015\/08\/DURER_Albrecht_The_Seven_Sorrows_of_the_Virgin-715x1024.jpg 715w\" sizes=\"auto, (max-width: 352px) 100vw, 352px\" \/><\/a><br \/>\nSTABAT MATER<\/p>\n<p>Stabat Mater dolorosa<br \/>\nJuxta Crucem lacrimosa<br \/>\nDum pendebat Filius.<br \/>\nDebout, la M\u00e8re douloureuse<br \/>\nSerrait la Croix, la malheureuse,<br \/>\nO\u00f9 son pauvre enfant pendait.<br \/>\nCujus animam gementem,<br \/>\nContristatam et dolentem,<br \/>\nPertransivit gladius.<br \/>\nEt dans son \u00e2me g\u00e9missante,<br \/>\nInconsolable, d\u00e9faillante,<br \/>\nUn glaive aigu s&rsquo;enfon\u00e7ait.<br \/>\nO quam tristis et afflicta<br \/>\nFuit illa benedicta<br \/>\nMater Unigeniti !<br \/>\nAh ! qu&rsquo;elle est triste et d\u00e9sol\u00e9e,<br \/>\nLa M\u00e8re entre toutes combl\u00e9e !<br \/>\nIl \u00e9tait le Premier-N\u00e9 !<br \/>\nQuae moerebat et dolebat<br \/>\nPia Mater, dum videbat<br \/>\nNati poenas inclyti.<br \/>\nElle pleure, pleure, la M\u00e8re,<br \/>\nPieusement qui consid\u00e8re<br \/>\nSon enfant assassin\u00e9.<br \/>\nQuis est homo qui non fleret,<br \/>\nMatrem Christi si videret<br \/>\nIn tanto supplicio ?<br \/>\nQui pourrait retenir ses pleurs<br \/>\nA voir la M\u00e8re du Seigneur<br \/>\nEndurer un tel Calvaire ?<br \/>\nQuis non posset contristari,<br \/>\nChristi Matrem contemplari<br \/>\nDolentem cum Filio ?<br \/>\nQui peut, sans se sentir contrit,<br \/>\nRegarder pr\u00e8s de J\u00e9sus-Christ<br \/>\nPleurer tristement sa M\u00e8re ?<br \/>\nPro peccatis suae gentis,<br \/>\nVidit Jesum in tormentis,<br \/>\nEt flagellis subditum.<br \/>\nPour les p\u00e9ch\u00e9s de sa nation,<br \/>\nElle le voit, dans sa Passion,<br \/>\nSous les cinglantes lani\u00e8res.<br \/>\nVidit suum dulcem natum<br \/>\nMoriendo desolatum,<br \/>\nDum emisit spiritum.<br \/>\nElle voit son petit gar\u00e7on<br \/>\nQui meurt dans un grand abandon<br \/>\nEt remet son \u00e2me \u00e0 son P\u00e8re.<br \/>\nEia Mater, fons amoris,<br \/>\nMe sentire vim doloris<br \/>\nFac, ut tecum lugeam.<br \/>\nPour que je pleure avec toi,<br \/>\nM\u00e8re, source d&rsquo;amour, fais-moi<br \/>\nRessentir ta peine am\u00e8re !<br \/>\nFac, ut ardeat cor meum<br \/>\nIn amando Christum Deum,<br \/>\nUt sibi complaceam.<br \/>\nFais qu&rsquo;en mon coeur br\u00fble un grand feu,<br \/>\nL&rsquo;amour de J\u00e9sus-Christ mon Dieu,<br \/>\nPour que je puisse lui plaire !<br \/>\nSancta Mater, istud agas,<br \/>\nCrucifixi fige plagas<br \/>\nCordi meo valide.<br \/>\nExauce-moi, \u00f4 sainte M\u00e8re,<br \/>\nEt plante les clous du Calvaire<br \/>\nDans mon coeur, profond\u00e9ment !<br \/>\nTui nati vulnerati,<br \/>\nTam dignati pro me pati,<br \/>\nPoenas mecum divide.<br \/>\nPour moi ton Fils, couvert de plaies,<br \/>\nA voulu tout souffrir ! Que j&rsquo;aie<br \/>\nUne part de ses tourments !<br \/>\nFac me tecum pie flere,<br \/>\nCrucifixo condolore,<br \/>\nDonec ego vixero.<br \/>\nQue je pleure en bon fils avec toi,<br \/>\nQue je souffre avec lui sur la Croix<br \/>\nTant que durera ma vie !<br \/>\nJuxta Crucem tecum stare,<br \/>\nEt me tibi sociare<br \/>\nIn planctu desidero.<br \/>\nJe veux contre la Croix rester<br \/>\nDebout pr\u00e8s de toi, et pleurer<br \/>\nTon fils en ta compagnie !<br \/>\nVirgo virginum proeclara,<br \/>\nMihi jam non sis amara,<br \/>\nFac me tecum plangere.<br \/>\nO Vierge, entre les vierges claire,<br \/>\nPour moi ne sois plus si am\u00e8re :<br \/>\nFais que je pleure avec toi !<br \/>\nFac, ut portem Christi mortem,<br \/>\nPassionis fac consortem,<br \/>\nEt plagas recolere.<br \/>\nFais que me marque son supplice,<br \/>\nQu&rsquo;\u00e0 sa Passion je compatisse,<br \/>\nQue je m&rsquo;applique \u00e0 sa Croix !<br \/>\nFac me plagis vulnerari,<br \/>\nFac me Cruce inebriari,<br \/>\nEt cruore Filii.<br \/>\nFais que ses blessures me blessent,<br \/>\nQue je go\u00fbte \u00e0 la Croix l&rsquo;ivresse<br \/>\nEt le sang de ton enfant !<br \/>\nFlammis ne urar succensus,<br \/>\nPer te, Virgo, sim defensus<br \/>\nIn die judicii.<br \/>\nPour que j&rsquo;\u00e9chappe aux vives flammes,<br \/>\nPrends ma d\u00e9fense, \u00f4 notre Dame,<br \/>\nAu grand jour du jugement !<br \/>\nChriste, cum sit hinc exire,<br \/>\nDa per Matrem me venire<br \/>\nAd palmam victoriae.<br \/>\nJ\u00e9sus, quand il faudra partir,<br \/>\nPuisse ta M\u00e8re m&rsquo;obtenir<br \/>\nLa palme de la victoire.<br \/>\nQuando corpus morietur,<br \/>\nFac, ut animae donetur<br \/>\nParidisi gloria.<br \/>\nEt quand mon corps aura souffert,<br \/>\nFais qu&rsquo;\u00e0 mon \u00e2me soit ouvert<br \/>\nLe beau paradis de gloire !<\/p>\n<p>Source principale : notredamedesneiges.over-blog (\u00ab R\u00e9v. x gpm \u00bb).<\/p>\n<p>&nbsp;<\/p>\n<p><iframe loading=\"lazy\" title=\"Anton\u00edn Dvo\u0159\u00e1k: Stabat Mater I (a) (Talich cond.)\" width=\"500\" height=\"375\" src=\"https:\/\/www.youtube.com\/embed\/Xj1mZ9k6YOA?feature=oembed\" frameborder=\"0\" allow=\"accelerometer; autoplay; clipboard-write; encrypted-media; gyroscope; picture-in-picture; web-share\" referrerpolicy=\"strict-origin-when-cross-origin\" allowfullscreen><\/iframe><\/p>\n<p>&nbsp;<\/p>\n<p>&nbsp;<\/p>\n<p>&nbsp;<\/p>\n<p>&nbsp;<\/p>\n<p>&nbsp;<\/p>\n","protected":false},"excerpt":{"rendered":"<p>Le 15 septembre (depuis la r\u00e9novation liturgique du Pape Saint Pie X en 1914), la Liturgie de l&rsquo;\u00c9glise nous invite \u00e0 faire m\u00e9moire des douleurs de la Vierge Marie. \u00ab Votre peine, Vierge sacr\u00e9e, a \u00e9t\u00e9 la plus grande qu&rsquo;une pure cr\u00e9ature ait jamais endur\u00e9e ; car toutes les cruaut\u00e9s que nous lisons que l&rsquo;on [&hellip;]<\/p>\n","protected":false},"author":2,"featured_media":0,"comment_status":"closed","ping_status":"closed","sticky":false,"template":"","format":"standard","meta":{"footnotes":""},"categories":[3,13,1261,27,28],"tags":[1285,832,1085,1189],"class_list":["post-11702","post","type-post","status-publish","format-standard","hentry","category-liturgique","category-ecritures","category-enseignement-2","category-prieres","category-saints-et-saintes","tag-notre-dame-des-7-douleurs","tag-priere-et-chants","tag-stabat-mater","tag-vierge-marie"],"_links":{"self":[{"href":"https:\/\/www.associationdemarie.org\/blog\/wp-json\/wp\/v2\/posts\/11702","targetHints":{"allow":["GET"]}}],"collection":[{"href":"https:\/\/www.associationdemarie.org\/blog\/wp-json\/wp\/v2\/posts"}],"about":[{"href":"https:\/\/www.associationdemarie.org\/blog\/wp-json\/wp\/v2\/types\/post"}],"author":[{"embeddable":true,"href":"https:\/\/www.associationdemarie.org\/blog\/wp-json\/wp\/v2\/users\/2"}],"replies":[{"embeddable":true,"href":"https:\/\/www.associationdemarie.org\/blog\/wp-json\/wp\/v2\/comments?post=11702"}],"version-history":[{"count":1,"href":"https:\/\/www.associationdemarie.org\/blog\/wp-json\/wp\/v2\/posts\/11702\/revisions"}],"predecessor-version":[{"id":11704,"href":"https:\/\/www.associationdemarie.org\/blog\/wp-json\/wp\/v2\/posts\/11702\/revisions\/11704"}],"wp:attachment":[{"href":"https:\/\/www.associationdemarie.org\/blog\/wp-json\/wp\/v2\/media?parent=11702"}],"wp:term":[{"taxonomy":"category","embeddable":true,"href":"https:\/\/www.associationdemarie.org\/blog\/wp-json\/wp\/v2\/categories?post=11702"},{"taxonomy":"post_tag","embeddable":true,"href":"https:\/\/www.associationdemarie.org\/blog\/wp-json\/wp\/v2\/tags?post=11702"}],"curies":[{"name":"wp","href":"https:\/\/api.w.org\/{rel}","templated":true}]}}