{"id":11698,"date":"2015-09-14T01:42:42","date_gmt":"2015-09-14T00:42:42","guid":{"rendered":"http:\/\/www.associationdemarie.org\/blog\/?p=11698"},"modified":"2015-08-30T10:44:59","modified_gmt":"2015-08-30T09:44:59","slug":"fete-de-la-croix-glorieuse-3","status":"publish","type":"post","link":"https:\/\/www.associationdemarie.org\/blog\/fete-de-la-croix-glorieuse-3\/","title":{"rendered":"F\u00eate de la Croix Glorieuse"},"content":{"rendered":"<p><a href=\"https:\/\/www.associationdemarie.org\/blog\/wp-content\/uploads\/2015\/08\/Esaltazione_della_Santa_Croce.jpg\"><img loading=\"lazy\" decoding=\"async\" class=\"aligncenter  wp-image-11699\" src=\"https:\/\/www.associationdemarie.org\/blog\/wp-content\/uploads\/2015\/08\/Esaltazione_della_Santa_Croce.jpg\" alt=\"Esaltazione_della_Santa_Croce\" width=\"366\" height=\"538\" srcset=\"https:\/\/www.associationdemarie.org\/blog\/wp-content\/uploads\/2015\/08\/Esaltazione_della_Santa_Croce.jpg 477w, https:\/\/www.associationdemarie.org\/blog\/wp-content\/uploads\/2015\/08\/Esaltazione_della_Santa_Croce-204x300.jpg 204w\" sizes=\"auto, (max-width: 366px) 100vw, 366px\" \/><\/a><\/p>\n<p>La v\u00e9n\u00e9ration de la Sainte Croix, le 14 septembre, se rattache aux solennit\u00e9s de la d\u00e9dicace de la basilique de la R\u00e9surrection, \u00e9rig\u00e9e sur le tombeau du Christ, en 335. Le Christ a offert sur la Croix son sacrifice pour l&rsquo;expiation des p\u00e9ch\u00e9s de la multitude ; la Croix est pour le peuple chr\u00e9tien le signe de l&rsquo;esp\u00e9rance du Royaume, que le peuple juif c\u00e9l\u00e8bre lors de la f\u00eate des Tentes. C&rsquo;est dire de quelle lumi\u00e8re brille la Croix glorieuse de J\u00e9sus : objet de m\u00e9pris, la Croix est devenue \u00ab notre fiert\u00e9 \u00bb. Si l&rsquo;arbre plant\u00e9 au paradis originel a produit pour Adam un fruit de mort, l&rsquo;arbre de la Croix a port\u00e9 pour nous un fruit de vie, le Christ, \u00ab en qui nous avons le salut et la r\u00e9surrection \u00bb.<\/p>\n<p>Sous le r\u00e8gne de l&#8217;empereur H\u00e9raclius Ier, les Perses s&#8217;empar\u00e8rent de J\u00e9rusalem et y enlev\u00e8rent la principale partie de la vraie Croix de Notre-Seigneur, que sainte H\u00e9l\u00e8ne, m\u00e8re de l&#8217;empereur Constantin, y avait laiss\u00e9e. H\u00e9raclius r\u00e9solut de reconqu\u00e9rir cet objet pr\u00e9cieux, nouvelle Arche d&rsquo;alliance du nouveau peuple de Dieu. Avant de quitter Constantinople, il vint \u00e0 l&rsquo;\u00e9glise, les pieds chauss\u00e9s de noir, en esprit de p\u00e9nitence ; il se prosterna devant l&rsquo;autel et pria Dieu de seconder son courage ; enfin il emporta avec lui une image miraculeuse du Sauveur, d\u00e9cid\u00e9 \u00e0 combattre avec elle jusqu&rsquo;\u00e0 la mort.<\/p>\n<p>Le Ciel aida sensiblement le vaillant empereur, car son arm\u00e9e courut de victoire en victoire ; une des conditions du trait\u00e9 de paix fut la reddition de la Croix de Notre-Seigneur dans le m\u00eame \u00e9tat o\u00f9 elle avait \u00e9t\u00e9 prise. H\u00e9raclius, \u00e0 son retour, fut re\u00e7u \u00e0 Constantinople par les acclamations du peuple ; on alla au-devant de lui avec des rameaux d&rsquo;oliviers et des flambeaux, et la vraie Croix fut honor\u00e9e, \u00e0 cette occasion, d&rsquo;un magnifique triomphe.<\/p>\n<p>L&#8217;empereur lui-m\u00eame, en action de gr\u00e2ce, voulut retourner \u00e0 J\u00e9rusalem ce bois sacr\u00e9. Quand il fut arriv\u00e9 dans la Cit\u00e9 Sainte, il chargea la relique pr\u00e9cieuse sur ses \u00e9paules ; mais lorsqu&rsquo;il fut \u00e0 la porte qui m\u00e8ne au Calvaire, il lui fut impossible d&rsquo;avancer, \u00e0 son grand \u00e9tonnement et \u00e0 la stup\u00e9faction de tout : \u00ab Prenez garde, \u00f4 empereur ! lui dit alors le patriarche Zacharie ; sans doute le v\u00eatement imp\u00e9rial que vous portez n&rsquo;est pas assez conforme \u00e0 l&rsquo;\u00e9tat pauvre et humili\u00e9 de J\u00e9sus portant sa Croix. \u00bb H\u00e9raclius, touch\u00e9 de ces paroles, quitta ses ornements imp\u00e9riaux, \u00f4ta ses chaussures, et, v\u00eatu en pauvre, il put gravir sans difficult\u00e9 jusqu&rsquo;au Calvaire et y d\u00e9poser son glorieux fardeau.<\/p>\n<p>Pour donner plus d&rsquo;\u00e9clat \u00e0 cette marche triomphale, Dieu permit que plusieurs miracles fussent op\u00e9r\u00e9s par la vertu de ce bois sacr\u00e9. \u00c0 la suite de ces \u00e9v\u00e9nements fut institu\u00e9e la f\u00eate de l&rsquo;Exaltation de la Sainte Croix, pour en perp\u00e9tuer le souvenir.<\/p>\n<p>Abb\u00e9 L. Jaud, Vie des Saints pour tous les jours de l&rsquo;ann\u00e9e, Tours, Mame, 1950.<\/p>\n<p>&nbsp;<\/p>\n<p>&nbsp;<\/p>\n","protected":false},"excerpt":{"rendered":"<p>La v\u00e9n\u00e9ration de la Sainte Croix, le 14 septembre, se rattache aux solennit\u00e9s de la d\u00e9dicace de la basilique de la R\u00e9surrection, \u00e9rig\u00e9e sur le tombeau du Christ, en 335. Le Christ a offert sur la Croix son sacrifice pour l&rsquo;expiation des p\u00e9ch\u00e9s de la multitude ; la Croix est pour le peuple chr\u00e9tien le [&hellip;]<\/p>\n","protected":false},"author":2,"featured_media":0,"comment_status":"closed","ping_status":"closed","sticky":false,"template":"","format":"standard","meta":{"footnotes":""},"categories":[3,13,15,28],"tags":[275,1383,535,777],"class_list":["post-11698","post","type-post","status-publish","format-standard","hentry","category-liturgique","category-ecritures","category-histoire","category-saints-et-saintes","tag-croix-glorieuse","tag-histoire","tag-jesus","tag-passion"],"_links":{"self":[{"href":"https:\/\/www.associationdemarie.org\/blog\/wp-json\/wp\/v2\/posts\/11698","targetHints":{"allow":["GET"]}}],"collection":[{"href":"https:\/\/www.associationdemarie.org\/blog\/wp-json\/wp\/v2\/posts"}],"about":[{"href":"https:\/\/www.associationdemarie.org\/blog\/wp-json\/wp\/v2\/types\/post"}],"author":[{"embeddable":true,"href":"https:\/\/www.associationdemarie.org\/blog\/wp-json\/wp\/v2\/users\/2"}],"replies":[{"embeddable":true,"href":"https:\/\/www.associationdemarie.org\/blog\/wp-json\/wp\/v2\/comments?post=11698"}],"version-history":[{"count":2,"href":"https:\/\/www.associationdemarie.org\/blog\/wp-json\/wp\/v2\/posts\/11698\/revisions"}],"predecessor-version":[{"id":11701,"href":"https:\/\/www.associationdemarie.org\/blog\/wp-json\/wp\/v2\/posts\/11698\/revisions\/11701"}],"wp:attachment":[{"href":"https:\/\/www.associationdemarie.org\/blog\/wp-json\/wp\/v2\/media?parent=11698"}],"wp:term":[{"taxonomy":"category","embeddable":true,"href":"https:\/\/www.associationdemarie.org\/blog\/wp-json\/wp\/v2\/categories?post=11698"},{"taxonomy":"post_tag","embeddable":true,"href":"https:\/\/www.associationdemarie.org\/blog\/wp-json\/wp\/v2\/tags?post=11698"}],"curies":[{"name":"wp","href":"https:\/\/api.w.org\/{rel}","templated":true}]}}