{"id":11695,"date":"2015-09-13T01:07:57","date_gmt":"2015-09-13T00:07:57","guid":{"rendered":"http:\/\/www.associationdemarie.org\/blog\/?p=11695"},"modified":"2015-08-29T08:12:45","modified_gmt":"2015-08-29T07:12:45","slug":"quil-me-suive","status":"publish","type":"post","link":"https:\/\/www.associationdemarie.org\/blog\/quil-me-suive\/","title":{"rendered":"\u00ab Qu&rsquo;il me suive. \u00bb"},"content":{"rendered":"<p><a href=\"https:\/\/www.associationdemarie.org\/blog\/wp-content\/uploads\/2015\/08\/jesus-seul-chemin.jpg\"><img loading=\"lazy\" decoding=\"async\" class=\"aligncenter size-full wp-image-11696\" src=\"https:\/\/www.associationdemarie.org\/blog\/wp-content\/uploads\/2015\/08\/jesus-seul-chemin.jpg\" alt=\"jesus-seul-chemin\" width=\"400\" height=\"300\" srcset=\"https:\/\/www.associationdemarie.org\/blog\/wp-content\/uploads\/2015\/08\/jesus-seul-chemin.jpg 400w, https:\/\/www.associationdemarie.org\/blog\/wp-content\/uploads\/2015\/08\/jesus-seul-chemin-300x225.jpg 300w\" sizes=\"auto, (max-width: 400px) 100vw, 400px\" \/><\/a><\/p>\n<p>Quand le Seigneur nous dit dans l&rsquo;\u00e9vangile : \u00ab Si quelqu&rsquo;un veut marcher derri\u00e8re moi, qu&rsquo;il renonce \u00e0 lui-m\u00eame \u00bb, nous trouvons qu&rsquo;il nous commande une chose difficile et nous consid\u00e9rons qu&rsquo;il nous impose un lourd fardeau. Mais si celui qui commande nous aide \u00e0 accomplir ce qu&rsquo;il commande, cela n&rsquo;est pas difficile&#8230;<\/p>\n<p>O\u00f9 devons-nous suivre le Christ, sinon l\u00e0 o\u00f9 il est all\u00e9 ? Or, nous savons qu&rsquo;il est ressuscit\u00e9 et mont\u00e9 aux cieux : c&rsquo;est l\u00e0 que nous avons \u00e0 le suivre. Il ne faut certainement pas nous laisser envahir par le d\u00e9sespoir, car, si nous ne pouvons rien par nous-m\u00eames, nous avons la promesse du Christ. Le ciel \u00e9tait loin de nous avant que notre T\u00eate y soit mont\u00e9e. D\u00e9sormais, si nous sommes les membres du corps de cette T\u00eate (Col 1,18), pourquoi d\u00e9sesp\u00e9rer de parvenir au ciel ? S&rsquo;il est vrai que sur cette terre tant d&rsquo;inqui\u00e9tudes et de souffrances nous accablent, suivons le Christ en qui se trouvent le bonheur parfait, la paix supr\u00eame et la tranquillit\u00e9 \u00e9ternelle.<\/p>\n<p>Mais l&rsquo;homme d\u00e9sireux de suivre le Christ \u00e9coutera cette parole de l&rsquo;ap\u00f4tre Jean : \u00ab Celui qui d\u00e9clare demeurer dans le Christ doit marcher lui-m\u00eame dans la voie o\u00f9 lui, J\u00e9sus, a march\u00e9 \u00bb (1Jn 2,6). Tu veux suivre le Christ ? Sois humble, comme il l&rsquo;a \u00e9t\u00e9. Tu veux le rejoindre dans les hauteurs ? Ne m\u00e9prise pas son abaissement.<\/p>\n<p>Saint C\u00e9saire d&rsquo;Arles (470-543), moine et \u00e9v\u00eaque<br \/>\nSermon 159, 1,4-6 ; CCL 104,650 (trad Delhougne, Les P\u00e8res commentent, p. 288)<\/p>\n<p>&nbsp;<\/p>\n<p>&nbsp;<\/p>\n<p>&nbsp;<\/p>\n<p>&nbsp;<\/p>\n","protected":false},"excerpt":{"rendered":"<p>Quand le Seigneur nous dit dans l&rsquo;\u00e9vangile : \u00ab Si quelqu&rsquo;un veut marcher derri\u00e8re moi, qu&rsquo;il renonce \u00e0 lui-m\u00eame \u00bb, nous trouvons qu&rsquo;il nous commande une chose difficile et nous consid\u00e9rons qu&rsquo;il nous impose un lourd fardeau. Mais si celui qui commande nous aide \u00e0 accomplir ce qu&rsquo;il commande, cela n&rsquo;est pas difficile&#8230; O\u00f9 devons-nous [&hellip;]<\/p>\n","protected":false},"author":2,"featured_media":0,"comment_status":"closed","ping_status":"closed","sticky":false,"template":"","format":"standard","meta":{"footnotes":""},"categories":[3,13,1261,28],"tags":[220,389,487,967],"class_list":["post-11695","post","type-post","status-publish","format-standard","hentry","category-liturgique","category-ecritures","category-enseignement-2","category-saints-et-saintes","tag-christ","tag-evangile","tag-humilite","tag-seigneur"],"_links":{"self":[{"href":"https:\/\/www.associationdemarie.org\/blog\/wp-json\/wp\/v2\/posts\/11695","targetHints":{"allow":["GET"]}}],"collection":[{"href":"https:\/\/www.associationdemarie.org\/blog\/wp-json\/wp\/v2\/posts"}],"about":[{"href":"https:\/\/www.associationdemarie.org\/blog\/wp-json\/wp\/v2\/types\/post"}],"author":[{"embeddable":true,"href":"https:\/\/www.associationdemarie.org\/blog\/wp-json\/wp\/v2\/users\/2"}],"replies":[{"embeddable":true,"href":"https:\/\/www.associationdemarie.org\/blog\/wp-json\/wp\/v2\/comments?post=11695"}],"version-history":[{"count":1,"href":"https:\/\/www.associationdemarie.org\/blog\/wp-json\/wp\/v2\/posts\/11695\/revisions"}],"predecessor-version":[{"id":11697,"href":"https:\/\/www.associationdemarie.org\/blog\/wp-json\/wp\/v2\/posts\/11695\/revisions\/11697"}],"wp:attachment":[{"href":"https:\/\/www.associationdemarie.org\/blog\/wp-json\/wp\/v2\/media?parent=11695"}],"wp:term":[{"taxonomy":"category","embeddable":true,"href":"https:\/\/www.associationdemarie.org\/blog\/wp-json\/wp\/v2\/categories?post=11695"},{"taxonomy":"post_tag","embeddable":true,"href":"https:\/\/www.associationdemarie.org\/blog\/wp-json\/wp\/v2\/tags?post=11695"}],"curies":[{"name":"wp","href":"https:\/\/api.w.org\/{rel}","templated":true}]}}