{"id":11682,"date":"2016-04-11T09:47:05","date_gmt":"2016-04-11T08:47:05","guid":{"rendered":"http:\/\/www.associationdemarie.org\/blog\/?p=11682"},"modified":"2016-04-12T19:07:44","modified_gmt":"2016-04-12T18:07:44","slug":"prochaine-rencontre-et-etape-du-tour-de-france","status":"publish","type":"post","link":"https:\/\/www.associationdemarie.org\/blog\/prochaine-rencontre-et-etape-du-tour-de-france\/","title":{"rendered":"Prochaine rencontre et \u00e9tape du Tour de France"},"content":{"rendered":"<p>La prochaine\u00a0\u00e9tape du Tour de France se d\u00e9roulera le\u00a0<strong>samedi 16\u00a0avril en Aveyron<\/strong>\u00a0(12).<a href=\"https:\/\/www.associationdemarie.org\/blog\/wp-content\/uploads\/2014\/08\/Capture-d\u2019\u00e9cran-2014-08-01-\u00e0-17.20.07.png\"><br \/>\n<\/a><\/p>\n<p>&nbsp;<\/p>\n<p>Notre prochaine rencontre se d\u00e9roulera le <strong>dimanche 17 avril\u00a02016<\/strong>\u00a0dans l\u2019Aveyron, \u00e0 Onet-le-Ch\u00e2teau.<\/p>\n<p><a href=\"https:\/\/www.associationdemarie.org\/blog\/wp-content\/uploads\/2016\/04\/SDC17541.jpg\"><img loading=\"lazy\" decoding=\"async\" class=\"aligncenter wp-image-12818\" src=\"https:\/\/www.associationdemarie.org\/blog\/wp-content\/uploads\/2016\/04\/SDC17541.jpg\" alt=\"SDC17541\" width=\"245\" height=\"183\" srcset=\"https:\/\/www.associationdemarie.org\/blog\/wp-content\/uploads\/2016\/04\/SDC17541.jpg 1600w, https:\/\/www.associationdemarie.org\/blog\/wp-content\/uploads\/2016\/04\/SDC17541-300x224.jpg 300w, https:\/\/www.associationdemarie.org\/blog\/wp-content\/uploads\/2016\/04\/SDC17541-1024x764.jpg 1024w\" sizes=\"auto, (max-width: 245px) 100vw, 245px\" \/><\/a><\/p>\n<p>Pour ceux qui le souhaitent et le peuvent, nous assisterons \u00e0 la messe en l\u2019\u00e9glise St Joseph Artisan (Avenue des lilas \u00e0 Onet le Ch\u00e2teau \u2013 Quatre saisons 12850) \u00e0 10h30 puis nous nous rendrons chez Mme Boussaguet (La Gaffardie) pour\u00a0le repas\u00a0et le Rosaire, ainsi qu\u2019une pr\u00e9sentation de l\u2019association et une relecture des messages.<\/p>\n<p>&nbsp;<\/p>\n<p>&nbsp;<\/p>\n<p>&nbsp;<\/p>\n","protected":false},"excerpt":{"rendered":"<p>La prochaine\u00a0\u00e9tape du Tour de France se d\u00e9roulera le\u00a0samedi 16\u00a0avril en Aveyron\u00a0(12). &nbsp; Notre prochaine rencontre se d\u00e9roulera le dimanche 17 avril\u00a02016\u00a0dans l\u2019Aveyron, \u00e0 Onet-le-Ch\u00e2teau. Pour ceux qui le souhaitent et le peuvent, nous assisterons \u00e0 la messe en l\u2019\u00e9glise St Joseph Artisan (Avenue des lilas \u00e0 Onet le Ch\u00e2teau \u2013 Quatre saisons 12850) \u00e0 [&hellip;]<\/p>\n","protected":false},"author":2,"featured_media":0,"comment_status":"closed","ping_status":"closed","sticky":false,"template":"","format":"standard","meta":{"footnotes":""},"categories":[2,5,14,29],"tags":[113,563,881,1389],"class_list":["post-11682","post","type-post","status-publish","format-standard","hentry","category-actualites","category-bulletin","category-groupe-prieres","category-tour-de-france","tag-association","tag-la-maison-de-marie","tag-rencontres","tag-tour-de-france"],"_links":{"self":[{"href":"https:\/\/www.associationdemarie.org\/blog\/wp-json\/wp\/v2\/posts\/11682","targetHints":{"allow":["GET"]}}],"collection":[{"href":"https:\/\/www.associationdemarie.org\/blog\/wp-json\/wp\/v2\/posts"}],"about":[{"href":"https:\/\/www.associationdemarie.org\/blog\/wp-json\/wp\/v2\/types\/post"}],"author":[{"embeddable":true,"href":"https:\/\/www.associationdemarie.org\/blog\/wp-json\/wp\/v2\/users\/2"}],"replies":[{"embeddable":true,"href":"https:\/\/www.associationdemarie.org\/blog\/wp-json\/wp\/v2\/comments?post=11682"}],"version-history":[{"count":6,"href":"https:\/\/www.associationdemarie.org\/blog\/wp-json\/wp\/v2\/posts\/11682\/revisions"}],"predecessor-version":[{"id":12921,"href":"https:\/\/www.associationdemarie.org\/blog\/wp-json\/wp\/v2\/posts\/11682\/revisions\/12921"}],"wp:attachment":[{"href":"https:\/\/www.associationdemarie.org\/blog\/wp-json\/wp\/v2\/media?parent=11682"}],"wp:term":[{"taxonomy":"category","embeddable":true,"href":"https:\/\/www.associationdemarie.org\/blog\/wp-json\/wp\/v2\/categories?post=11682"},{"taxonomy":"post_tag","embeddable":true,"href":"https:\/\/www.associationdemarie.org\/blog\/wp-json\/wp\/v2\/tags?post=11682"}],"curies":[{"name":"wp","href":"https:\/\/api.w.org\/{rel}","templated":true}]}}