{"id":11657,"date":"2015-09-06T01:36:56","date_gmt":"2015-09-06T00:36:56","guid":{"rendered":"http:\/\/www.associationdemarie.org\/blog\/?p=11657"},"modified":"2015-08-15T05:42:25","modified_gmt":"2015-08-15T04:42:25","slug":"rendre-le-christ-maitre-de-notre-sabbat","status":"publish","type":"post","link":"https:\/\/www.associationdemarie.org\/blog\/rendre-le-christ-maitre-de-notre-sabbat\/","title":{"rendered":"Rendre le Christ ma\u00eetre de notre sabbat"},"content":{"rendered":"<p><a href=\"https:\/\/www.associationdemarie.org\/blog\/wp-content\/uploads\/2015\/08\/fr-evangile-illustre-2015-01-20v1-1.jpg\"><img loading=\"lazy\" decoding=\"async\" class=\"aligncenter  wp-image-11658\" src=\"https:\/\/www.associationdemarie.org\/blog\/wp-content\/uploads\/2015\/08\/fr-evangile-illustre-2015-01-20v1-1.jpg\" alt=\"fr-evangile-illustre-2015-01-20v1-1\" width=\"443\" height=\"265\" srcset=\"https:\/\/www.associationdemarie.org\/blog\/wp-content\/uploads\/2015\/08\/fr-evangile-illustre-2015-01-20v1-1.jpg 680w, https:\/\/www.associationdemarie.org\/blog\/wp-content\/uploads\/2015\/08\/fr-evangile-illustre-2015-01-20v1-1-300x180.jpg 300w\" sizes=\"auto, (max-width: 443px) 100vw, 443px\" \/><\/a><\/p>\n<p>L&rsquo;Eucharistie fait partie du dimanche. Au matin de P\u00e2ques, les femmes en premier, puis les disciples, ont eu la gr\u00e2ce de voir le Seigneur. Depuis lors, ils ont su que d\u00e9sormais le premier jour de la semaine, le dimanche, serait son jour \u00e0 lui, le jour du Christ. Le jour du commencement de la cr\u00e9ation devenait le jour du renouvellement de la cr\u00e9ation. Cr\u00e9ation et r\u00e9demption vont ensemble.<\/p>\n<p>C&rsquo;est pour cela que le dimanche est tellement important. Il est beau qu&rsquo;aujourd&rsquo;hui, dans de nombreuses cultures, le dimanche soit un jour libre ou, qu&rsquo;avec le samedi, il constitue m\u00eame ce qu&rsquo;on appelle le \u00ab week-end \u00bb libre. Ce temps libre, toutefois, demeure vide si Dieu n&rsquo;y est pas pr\u00e9sent.<\/p>\n<p>Chers amis ! Quelquefois, dans un premier temps, il peut s&rsquo;av\u00e9rer plut\u00f4t mal commode de devoir pr\u00e9voir aussi la Messe dans le programme du dimanche. Mais si vous en prenez l&rsquo;engagement, vous constaterez aussi que c&rsquo;est pr\u00e9cis\u00e9ment ce qui donne le juste centre au temps libre. Ne vous laissez pas dissuader de participer \u00e0 l&rsquo;Eucharistie du dimanche et aidez aussi les autres \u00e0 la d\u00e9couvrir. Parce que la joie dont nous avons besoin se d\u00e9gage d&rsquo;elle, nous devons assur\u00e9ment apprendre \u00e0 en comprendre toujours plus la profondeur, nous devons apprendre \u00e0 l&rsquo;aimer. Engageons-nous en ce sens, cela en vaut la peine ! D\u00e9couvrons la profonde richesse de la liturgie de l&rsquo;\u00c9glise et sa vraie grandeur : nous ne faisons pas la f\u00eate pour nous, mais c&rsquo;est au contraire le Dieu vivant lui-m\u00eame qui pr\u00e9pare une f\u00eate pour nous.<\/p>\n<p>Beno\u00eet XVI, pape de 2005 \u00e0 2013<br \/>\nHom\u00e9lie, C\u00e9l\u00e9bration eucharistique, 20\u00e8me Journ\u00e9e Mondiale de la Jeunesse, 21\/08\/05 (trad. DC 2343, p. 909)<\/p>\n<p>&nbsp;<\/p>\n<p>&nbsp;<\/p>\n<p>&nbsp;<\/p>\n<p>&nbsp;<\/p>\n","protected":false},"excerpt":{"rendered":"<p>L&rsquo;Eucharistie fait partie du dimanche. Au matin de P\u00e2ques, les femmes en premier, puis les disciples, ont eu la gr\u00e2ce de voir le Seigneur. Depuis lors, ils ont su que d\u00e9sormais le premier jour de la semaine, le dimanche, serait son jour \u00e0 lui, le jour du Christ. Le jour du commencement de la cr\u00e9ation [&hellip;]<\/p>\n","protected":false},"author":2,"featured_media":0,"comment_status":"closed","ping_status":"closed","sticky":false,"template":"","format":"standard","meta":{"footnotes":""},"categories":[3,13,1261],"tags":[142,299,336,385,892,911],"class_list":["post-11657","post","type-post","status-publish","format-standard","hentry","category-liturgique","category-ecritures","category-enseignement-2","tag-benoit-16","tag-dimanche","tag-eglise","tag-eucharistie","tag-resurrection","tag-sabbat"],"_links":{"self":[{"href":"https:\/\/www.associationdemarie.org\/blog\/wp-json\/wp\/v2\/posts\/11657","targetHints":{"allow":["GET"]}}],"collection":[{"href":"https:\/\/www.associationdemarie.org\/blog\/wp-json\/wp\/v2\/posts"}],"about":[{"href":"https:\/\/www.associationdemarie.org\/blog\/wp-json\/wp\/v2\/types\/post"}],"author":[{"embeddable":true,"href":"https:\/\/www.associationdemarie.org\/blog\/wp-json\/wp\/v2\/users\/2"}],"replies":[{"embeddable":true,"href":"https:\/\/www.associationdemarie.org\/blog\/wp-json\/wp\/v2\/comments?post=11657"}],"version-history":[{"count":1,"href":"https:\/\/www.associationdemarie.org\/blog\/wp-json\/wp\/v2\/posts\/11657\/revisions"}],"predecessor-version":[{"id":11659,"href":"https:\/\/www.associationdemarie.org\/blog\/wp-json\/wp\/v2\/posts\/11657\/revisions\/11659"}],"wp:attachment":[{"href":"https:\/\/www.associationdemarie.org\/blog\/wp-json\/wp\/v2\/media?parent=11657"}],"wp:term":[{"taxonomy":"category","embeddable":true,"href":"https:\/\/www.associationdemarie.org\/blog\/wp-json\/wp\/v2\/categories?post=11657"},{"taxonomy":"post_tag","embeddable":true,"href":"https:\/\/www.associationdemarie.org\/blog\/wp-json\/wp\/v2\/tags?post=11657"}],"curies":[{"name":"wp","href":"https:\/\/api.w.org\/{rel}","templated":true}]}}