{"id":11623,"date":"2015-09-01T01:02:46","date_gmt":"2015-09-01T00:02:46","guid":{"rendered":"http:\/\/www.associationdemarie.org\/blog\/?p=11623"},"modified":"2015-08-11T16:05:36","modified_gmt":"2015-08-11T15:05:36","slug":"intentions-de-priere-du-pape-septembre-2015","status":"publish","type":"post","link":"https:\/\/www.associationdemarie.org\/blog\/intentions-de-priere-du-pape-septembre-2015\/","title":{"rendered":"Intentions de pri\u00e8re du pape &#8211; septembre 2015"},"content":{"rendered":"<div class=\"page\" title=\"Page 3\">\n<div class=\"layoutArea\">\n<div class=\"column\">\n<p><a href=\"https:\/\/www.associationdemarie.org\/blog\/wp-content\/uploads\/2015\/07\/pape-Fran\u00e7ois.jpg\"><img loading=\"lazy\" decoding=\"async\" class=\"aligncenter  wp-image-11498\" src=\"https:\/\/www.associationdemarie.org\/blog\/wp-content\/uploads\/2015\/07\/pape-Fran\u00e7ois.jpg\" alt=\"-\" width=\"457\" height=\"257\" srcset=\"https:\/\/www.associationdemarie.org\/blog\/wp-content\/uploads\/2015\/07\/pape-Fran\u00e7ois.jpg 805w, https:\/\/www.associationdemarie.org\/blog\/wp-content\/uploads\/2015\/07\/pape-Fran\u00e7ois-300x169.jpg 300w\" sizes=\"auto, (max-width: 457px) 100vw, 457px\" \/><\/a><\/p>\n<p><strong>Universelle \u2013 L\u2019insertion des jeunes<\/strong><br \/>\nPour qu\u2019augmentent les possibilit\u00e9s de formation et de travail pour tous les jeunes.<\/p>\n<p><span style=\"color: #ffffff;\">.<\/span><br \/>\n<strong>Pour l\u2019\u00e9vang\u00e9lisation \u2013 Les cat\u00e9chistes<\/strong><br \/>\nPour que les cat\u00e9chistes soient dans leur propre vie des t\u00e9moins coh\u00e9rents de la foi qu\u2019ils annoncent.<\/p>\n<p>&nbsp;<\/p>\n<p>&nbsp;<\/p>\n<p>&nbsp;<\/p>\n<p>&nbsp;<\/p>\n<\/div>\n<\/div>\n<\/div>\n","protected":false},"excerpt":{"rendered":"<p>Universelle \u2013 L\u2019insertion des jeunes Pour qu\u2019augmentent les possibilit\u00e9s de formation et de travail pour tous les jeunes. . Pour l\u2019\u00e9vang\u00e9lisation \u2013 Les cat\u00e9chistes Pour que les cat\u00e9chistes soient dans leur propre vie des t\u00e9moins coh\u00e9rents de la foi qu\u2019ils annoncent. &nbsp; &nbsp; &nbsp; &nbsp;<\/p>\n","protected":false},"author":2,"featured_media":0,"comment_status":"closed","ping_status":"closed","sticky":false,"template":"","format":"standard","meta":{"footnotes":""},"categories":[14,27],"tags":[387,504,761],"class_list":["post-11623","post","type-post","status-publish","format-standard","hentry","category-groupe-prieres","category-prieres","tag-evangelisation","tag-intentions-de-priere","tag-pape-francois"],"_links":{"self":[{"href":"https:\/\/www.associationdemarie.org\/blog\/wp-json\/wp\/v2\/posts\/11623","targetHints":{"allow":["GET"]}}],"collection":[{"href":"https:\/\/www.associationdemarie.org\/blog\/wp-json\/wp\/v2\/posts"}],"about":[{"href":"https:\/\/www.associationdemarie.org\/blog\/wp-json\/wp\/v2\/types\/post"}],"author":[{"embeddable":true,"href":"https:\/\/www.associationdemarie.org\/blog\/wp-json\/wp\/v2\/users\/2"}],"replies":[{"embeddable":true,"href":"https:\/\/www.associationdemarie.org\/blog\/wp-json\/wp\/v2\/comments?post=11623"}],"version-history":[{"count":3,"href":"https:\/\/www.associationdemarie.org\/blog\/wp-json\/wp\/v2\/posts\/11623\/revisions"}],"predecessor-version":[{"id":11626,"href":"https:\/\/www.associationdemarie.org\/blog\/wp-json\/wp\/v2\/posts\/11623\/revisions\/11626"}],"wp:attachment":[{"href":"https:\/\/www.associationdemarie.org\/blog\/wp-json\/wp\/v2\/media?parent=11623"}],"wp:term":[{"taxonomy":"category","embeddable":true,"href":"https:\/\/www.associationdemarie.org\/blog\/wp-json\/wp\/v2\/categories?post=11623"},{"taxonomy":"post_tag","embeddable":true,"href":"https:\/\/www.associationdemarie.org\/blog\/wp-json\/wp\/v2\/tags?post=11623"}],"curies":[{"name":"wp","href":"https:\/\/api.w.org\/{rel}","templated":true}]}}