{"id":11583,"date":"2015-08-22T01:16:08","date_gmt":"2015-08-22T00:16:08","guid":{"rendered":"http:\/\/www.associationdemarie.org\/blog\/?p=11583"},"modified":"2015-08-08T09:29:32","modified_gmt":"2015-08-08T08:29:32","slug":"ste-marie-reine-memoire-3","status":"publish","type":"post","link":"https:\/\/www.associationdemarie.org\/blog\/ste-marie-reine-memoire-3\/","title":{"rendered":"Ste Marie Reine &#8211; m\u00e9moire"},"content":{"rendered":"<p><a href=\"https:\/\/www.associationdemarie.org\/blog\/wp-content\/uploads\/2015\/08\/enguerrand-quarton-couronnement-de-la-vierge.jpg\"><img loading=\"lazy\" decoding=\"async\" class=\"aligncenter  wp-image-11584\" src=\"https:\/\/www.associationdemarie.org\/blog\/wp-content\/uploads\/2015\/08\/enguerrand-quarton-couronnement-de-la-vierge.jpg\" alt=\"enguerrand-quarton-couronnement-de-la-vierge\" width=\"442\" height=\"373\" srcset=\"https:\/\/www.associationdemarie.org\/blog\/wp-content\/uploads\/2015\/08\/enguerrand-quarton-couronnement-de-la-vierge.jpg 575w, https:\/\/www.associationdemarie.org\/blog\/wp-content\/uploads\/2015\/08\/enguerrand-quarton-couronnement-de-la-vierge-300x253.jpg 300w\" sizes=\"auto, (max-width: 442px) 100vw, 442px\" \/><\/a><\/p>\n<p>Extraits de l\u2019Encyclique du V\u00e9n\u00e9rable Pie XII<br \/>\n(Eugenio Pacelli, 1939-1958)<br \/>\n\u00ab Ad C\u00e6li Reginam \u00bb \u00a722-26, \u00a736, \u00a739<\/p>\n<p>L&rsquo;argument principal sur lequel se fonde la dignit\u00e9 royale de Marie, d\u00e9j\u00e0 \u00e9vident dans les textes de la tradition antique et dans la sainte Liturgie, est sans aucun doute sa maternit\u00e9 divine. Dans les Livres Saints, en effet, on affirme du Fils qui sera engendr\u00e9 par la Vierge : \u00ab Il sera appel\u00e9 Fils du Tr\u00e8s-Haut et le Seigneur Dieu lui donnera le tr\u00f4ne de David, son p\u00e8re, et il r\u00e9gnera dans la maison de Jacob \u00e9ternellement et son r\u00e8gne n&rsquo;aura pas de fin \u00bb (Luc. 1, 32, 33) ; en outre, Marie est proclam\u00e9e \u00ab M\u00e8re du Seigneur \u00bb (Luc 1,43). Il s&rsquo;en suit logiquement qu&rsquo;elle-m\u00eame est Reine, puisqu&rsquo;elle a donn\u00e9 la vie \u00e0 un Fils qui, d\u00e8s l&rsquo;instant de sa conception, m\u00eame comme homme, \u00e9tait, \u00e0 cause de l&rsquo;union hypostatique de la nature humaine avec le Verbe, Roi et Seigneur de toutes choses. St Jean Damasc\u00e8ne a donc raison d&rsquo;\u00e9crire : \u00ab Elle est vraiment devenue la Souveraine de toute la cr\u00e9ation au moment o\u00f9 elle devint M\u00e8re du Cr\u00e9ateur \u00bb (St. Jean Damasc\u00e8ne, De fide orthodoxa) et l&rsquo;Archange Gabriel lui-m\u00eame peut \u00eatre appel\u00e9 le premier h\u00e9raut de la dignit\u00e9 royale de Marie.<\/p>\n<p>Cependant la Bienheureuse Vierge doit \u00eatre proclam\u00e9e Reine non seulement \u00e0 cause de sa maternit\u00e9 divine mais aussi parce que selon la volont\u00e9 de Dieu, elle joua dans l&rsquo;\u0153uvre de notre salut \u00e9ternel, un r\u00f4le des plus \u00e9minents.<\/p>\n<p>Dans l&rsquo;accomplissement de la R\u00e9demption, la Tr\u00e8s Sainte Vierge fut certes \u00e9troitement associ\u00e9e au Christ ; aussi chante-t-on \u00e0 bon droit dans la Sainte Liturgie : \u00ab Sainte Marie, Reine du ciel et ma\u00eetresse du monde, bris\u00e9e de douleur, \u00e9tait debout pr\u00e8s de la Croix de Notre-Seigneur J\u00e9sus-Christ \u00bb. Et un pieux disciple de saint Anselme pouvait \u00e9crire au Moyen-\u00e2ge : \u00ab Comme&#8230; Dieu, en cr\u00e9ant toutes choses par sa puissance, est P\u00e8re et Seigneur de tout, ainsi Marie, en restaurant toutes choses par ses m\u00e9rites, est la M\u00e8re et la Souveraine de tout : Dieu est Seigneur de toutes choses parce qu&rsquo;il les a \u00e9tablies dans leur nature propre par son ordre, et Marie est Souveraine de toutes choses en les restaurant dans leur dignit\u00e9 originelle par la gr\u00e2ce qu&rsquo;elle m\u00e9rita \u00bb. En effet, \u00ab Comme le Christ pour nous avoir rachet\u00e9s est notre Seigneur et notre Roi \u00e0 un titre particulier, ainsi la Bienheureuse Vierge est aussi notre Reine et Souveraine \u00e0 cause de la mani\u00e8re unique dont elle contribua \u00e0 notre R\u00e9demption, en donnant sa chair \u00e0 son Fils et en l&rsquo;offrant volontairement pour nous, d\u00e9sirant, demandant et procurant notre salut d&rsquo;une mani\u00e8re toute sp\u00e9ciale \u00bb.<\/p>\n<p>De ces pr\u00e9misses, on peut tirer l&rsquo;argument suivant : dans l&rsquo;\u0153uvre du salut spirituel, Marie fut, par la volont\u00e9 de Dieu, associ\u00e9e au Christ J\u00e9sus, principe de salut, et cela d&rsquo;une mani\u00e8re semblable \u00e0 celle dont \u00c8ve fut associ\u00e9e \u00e0 Adam, principe de mort, si \u00ab ce fut elle qui, exempte de toute faute personnelle ou h\u00e9r\u00e9ditaire, bien que l&rsquo;on peut dire de notre R\u00e9demption qu&rsquo;elle s&rsquo;effectua selon une certaine \u00ab r\u00e9capitulation en vertu de laquelle le genre humain, assujetti \u00e0 la mort par une vierge, se sauve aussi par l&rsquo;interm\u00e9diaire d&rsquo;une vierge ; en outre on peut dire que cette glorieuse Souveraine fut choisie comme M\u00e8re de Dieu pr\u00e9cis\u00e9ment \u00ab pour \u00eatre associ\u00e9e \u00e0 lui dans la r\u00e9demption du genre humain \u00bb ; r\u00e9ellement toujours \u00e9troitement unie \u00e0 son Fils, l&rsquo;a offert sur le Golgotha au P\u00e8re \u00c9ternel, sacrifiant en m\u00eame temps son amour et ses droits maternels, comme une nouvelle \u00c8ve, pour toute la post\u00e9rit\u00e9 d&rsquo;Adam, souill\u00e9e par sa chute mis\u00e9rable \u00bb ; on pourra donc l\u00e9gitimement en conclure que, comme le Christ, nouvel Adam, est notre Roi parce qu&rsquo;il est non seulement Fils de Dieu, mais aussi notre R\u00e9dempteur, il est \u00e9galement permis d&rsquo;affirmer, par une certaine analogie, que la Sainte Vierge est Reine, et parce qu&rsquo;elle est M\u00e8re de Dieu et parce que comme une nouvelle \u00c8ve, elle fut associ\u00e9e au nouvel Adam.<\/p>\n<p>Sans doute, seul J\u00e9sus-Christ, Dieu et homme est Roi, au sens plein, propre et absolu du mot ; Marie, toutefois, participe aussi \u00e0 sa dignit\u00e9 royale, bien que d&rsquo;une mani\u00e8re limit\u00e9e et analogique parce qu&rsquo;elle est la M\u00e8re du Christ Dieu et qu&rsquo;elle est associ\u00e9e \u00e0 l&rsquo;\u0153uvre du Divin R\u00e9dempteur dans sa lutte contre les ennemis et au triomphe qu&rsquo;il a obtenu sur eux tous. En effet par cette union avec le Christ Roi elle atteint une gloire tellement sublime qu&rsquo;elle d\u00e9passe l&rsquo;excellence de toutes les choses cr\u00e9\u00e9es : de cette m\u00eame union avec le Christ, d\u00e9coule la puissance royale qui l&rsquo;autorise \u00e0 distribuer les tr\u00e9sors du Royaume du Divin R\u00e9dempteur ; enfin cette m\u00eame union avec le Christ est source de l&rsquo;efficacit\u00e9 in\u00e9puisable de son intercession maternelle aupr\u00e8s du Fils et du P\u00e8re.<\/p>\n<p>Que tous s&rsquo;efforcent selon leur condition de reproduire dans leur c\u0153ur et dans leur vie, avec un z\u00e8le vigilant et attentif, les grandes vertus de la Reine du Ciel, Notre M\u00e8re tr\u00e8s aimante. Il s&rsquo;ensuivra en effet que les chr\u00e9tiens, en honorant et imitant une si grande Reine, se sentiront enfin vraiment fr\u00e8res et, bannissant l&rsquo;envie et les d\u00e9sirs immod\u00e9r\u00e9s des richesses, d\u00e9velopperont la charit\u00e9 sociale, respecteront les droits des pauvres et aimeront la paix. Que personne, donc, ne se croie fils de Marie, digne d&rsquo;\u00eatre accueilli sous sa puissante protection, si, \u00e0 son exemple, il ne se montre doux, juste et chaste, et ne contribue avec amour \u00e0 la vraie fraternit\u00e9, soucieuse non de blesser et de nuire, mais d&rsquo;aider et de consoler.<\/p>\n<p>Vivement d\u00e9sireux que la Reine et M\u00e8re du peuple chr\u00e9tien accueille ces v\u0153ux et r\u00e9jouisse de sa paix la terre secou\u00e9e par la haine et, apr\u00e8s cet exil, nous montre \u00e0 tous J\u00e9sus qui sera notre paix et notre joie pour l&rsquo;\u00e9ternit\u00e9, \u00e0 vous V\u00e9n\u00e9rables Fr\u00e8res et \u00e0 vos fid\u00e8les, Nous accordons de tout c\u0153ur, comme gage du secours du Dieu tout-puissant et comme preuve de notre affection, la B\u00e9n\u00e9diction Apostolique.<\/p>\n<p>&#8211; Copyright \u00a9 Libreria Editrice Vaticana<\/p>\n<p><a href=\"https:\/\/www.associationdemarie.org\/blog\/wp-content\/uploads\/2015\/08\/T.S.V.-Marie.jpg\"><img loading=\"lazy\" decoding=\"async\" class=\"aligncenter size-full wp-image-11585\" src=\"https:\/\/www.associationdemarie.org\/blog\/wp-content\/uploads\/2015\/08\/T.S.V.-Marie.jpg\" alt=\"T.S.V.-Marie\" width=\"500\" height=\"352\" srcset=\"https:\/\/www.associationdemarie.org\/blog\/wp-content\/uploads\/2015\/08\/T.S.V.-Marie.jpg 500w, https:\/\/www.associationdemarie.org\/blog\/wp-content\/uploads\/2015\/08\/T.S.V.-Marie-300x211.jpg 300w\" sizes=\"auto, (max-width: 500px) 100vw, 500px\" \/><\/a><br \/>\nReine du Tr\u00e8s Saint Rosaire, Secours des Chr\u00e9tiens, Refuge du genre humain, Victorieuse de toutes les batailles de Dieu, nous voici prostern\u00e9s, suppliants au pied de votre tr\u00f4ne, dans la certitude d\u2019obtenir mis\u00e9ricorde et de recevoir les gr\u00e2ces, l\u2019aide et la protection opportunes dans les calamit\u00e9s pr\u00e9sentes, non en vertu de nos m\u00e9rites, dont nous ne saurions nous pr\u00e9valoir, mais uniquement par l\u2019effet de l\u2019immense bont\u00e9 de votre C\u0153ur maternel.<\/p>\n<p>C\u2019est \u00e0 vous, c\u2019est \u00e0 votre C\u0153ur immacul\u00e9 qu\u2019en cette heure tragique de l\u2019histoire humaine nous nous confions et nous nous consacrons, non seulement en union avec la Sainte \u00c9glise \u2014Corps mystique de votre Fils J\u00e9sus \u2014 qui souffre et verse son sang en tant de lieux, qui est en proie aux tribulations de tant de mani\u00e8res, mais en union aussi avec le monde entier, d\u00e9chir\u00e9 par de farouches discordes, embras\u00e9 d\u2019un incendie de haine et victime de ses propres iniquit\u00e9s.<\/p>\n<p>Laissez-vous toucher par tant de ruines mat\u00e9rielles et morales ; par tant de douleurs, tant d\u2019angoisses de p\u00e8res et de m\u00e8res, d\u2019\u00e9poux, de fr\u00e8res, d\u2019enfants innocents ; par tant de vies fauch\u00e9es dans la fleur de l\u2019\u00e2ge ; par tant de corps d\u00e9chiquet\u00e9s dans l\u2019horrible carnage ; par tant d\u2019\u00e2mes tortur\u00e9es et agonisantes, par tant d\u2019autres en p\u00e9ril de se perdre \u00e9ternellement.<\/p>\n<p>\u00d4 M\u00e8re de mis\u00e9ricorde, obtenez-nous de Dieu la paix et surtout les gr\u00e2ces qui peuvent en un instant convertir le c\u0153ur des hommes, ces gr\u00e2ces qui pr\u00e9parent, concilient, assurent la paix ! Reine de la paix, priez pour nous et donnez au monde en guerre la paix apr\u00e8s laquelle les peuples soupirent, la paix dans la v\u00e9rit\u00e9, dans la justice, dans la charit\u00e9 du Christ. Donnez-lui la paix des armes et la paix des \u00e2mes, afin que dans la tranquillit\u00e9 de l\u2019ordre s\u2019\u00e9tende le r\u00e8gne de Dieu.<\/p>\n<p>Accordez votre protection aux infid\u00e8les et \u00e0 tous ceux qui gisent encore dans les ombres de la mort ; donnez-leur la paix et faites que se l\u00e8ve pour eux le soleil de la V\u00e9rit\u00e9 et qu\u2019ils puissent avec nous, devant l\u2019unique Sauveur du monde, r\u00e9p\u00e9ter : \u00ab Gloire \u00e0 Dieu au plus haut des Cieux et paix sur la terre aux hommes de bonne volont\u00e9 \u00bb (Luc II, 14).<\/p>\n<p>Aux peuples s\u00e9par\u00e9s par l\u2019erreur ou par la discorde, et particuli\u00e8rement \u00e0 ceux qui professent pour vous une singuli\u00e8re d\u00e9votion et chez lesquels il n\u2019y a pas de maison qui n\u2019honor\u00e2t votre v\u00e9n\u00e9rable ic\u00f4ne (peut-\u00eatre aujourd\u2019hui cach\u00e9e et r\u00e9serv\u00e9e pour des jours meilleurs), donnez la paix et reconduisez-les \u00e0 l\u2019unique bercail du Christ, sous l\u2019unique et vrai Pasteur.<\/p>\n<p>Obtenez \u00e0 la Sainte \u00c9glise de Dieu une paix et une libert\u00e9 compl\u00e8tes ; arr\u00eatez les d\u00e9bordements du d\u00e9luge n\u00e9o-pa\u00efen ; d\u00e9veloppez dans le c\u0153ur des fid\u00e8les l\u2019amour de la puret\u00e9, la pratique de la vie chr\u00e9tienne et le z\u00e8le apostolique, afin que le peuple des serviteurs de Dieu augmente en m\u00e9rites et en nombre.<\/p>\n<p>Enfin, de m\u00eame qu\u2019au C\u0153ur de votre Fils J\u00e9sus furent consacr\u00e9s l\u2019\u00c9glise et le genre humain tout entier, afin que, toutes leurs esp\u00e9rances \u00e9tant plac\u00e9es en Lui, Il dev\u00eent pour eux signe et gage de victoire et de salut, ainsi et pour toujours nous nous consacrons \u00e0 vous, \u00e0 votre C\u0153ur immacul\u00e9, \u00f4 notre M\u00e8re et Reine du monde ; pour que votre amour et votre protection h\u00e2tent le triomphe du r\u00e8gne de Dieu et que toutes les nations, en paix entre elles et avec Dieu, vous proclament bienheureuse et entonnent avec vous, d\u2019une extr\u00e9mit\u00e9 du monde \u00e0 l\u2019autre, l\u2019\u00e9ternel magnificat de gloire, d\u2019amour, de reconnaissance au C\u0153ur de J\u00e9sus en qui Seul elles peuvent trouver la v\u00e9rit\u00e9, la vie et la paix.<\/p>\n<p>&nbsp;<\/p>\n<p>&nbsp;<\/p>\n<p><iframe loading=\"lazy\" title=\"Chez Nous Soyez Reine\" width=\"500\" height=\"281\" src=\"https:\/\/www.youtube.com\/embed\/sYu3Y54EL2s?feature=oembed\" frameborder=\"0\" allow=\"accelerometer; autoplay; clipboard-write; encrypted-media; gyroscope; picture-in-picture; web-share\" referrerpolicy=\"strict-origin-when-cross-origin\" allowfullscreen><\/iframe><\/p>\n<p>&nbsp;<\/p>\n<p>&nbsp;<\/p>\n<p>&nbsp;<\/p>\n","protected":false},"excerpt":{"rendered":"<p>Extraits de l\u2019Encyclique du V\u00e9n\u00e9rable Pie XII (Eugenio Pacelli, 1939-1958) \u00ab Ad C\u00e6li Reginam \u00bb \u00a722-26, \u00a736, \u00a739 L&rsquo;argument principal sur lequel se fonde la dignit\u00e9 royale de Marie, d\u00e9j\u00e0 \u00e9vident dans les textes de la tradition antique et dans la sainte Liturgie, est sans aucun doute sa maternit\u00e9 divine. Dans les Livres Saints, en [&hellip;]<\/p>\n","protected":false},"author":2,"featured_media":0,"comment_status":"closed","ping_status":"closed","sticky":false,"template":"","format":"standard","meta":{"footnotes":""},"categories":[3,13,15,27,28],"tags":[803,831,1102],"class_list":["post-11583","post","type-post","status-publish","format-standard","hentry","category-liturgique","category-ecritures","category-histoire","category-prieres","category-saints-et-saintes","tag-pie-xii","tag-priere-et-chant","tag-ste-marie-reine"],"_links":{"self":[{"href":"https:\/\/www.associationdemarie.org\/blog\/wp-json\/wp\/v2\/posts\/11583","targetHints":{"allow":["GET"]}}],"collection":[{"href":"https:\/\/www.associationdemarie.org\/blog\/wp-json\/wp\/v2\/posts"}],"about":[{"href":"https:\/\/www.associationdemarie.org\/blog\/wp-json\/wp\/v2\/types\/post"}],"author":[{"embeddable":true,"href":"https:\/\/www.associationdemarie.org\/blog\/wp-json\/wp\/v2\/users\/2"}],"replies":[{"embeddable":true,"href":"https:\/\/www.associationdemarie.org\/blog\/wp-json\/wp\/v2\/comments?post=11583"}],"version-history":[{"count":3,"href":"https:\/\/www.associationdemarie.org\/blog\/wp-json\/wp\/v2\/posts\/11583\/revisions"}],"predecessor-version":[{"id":11588,"href":"https:\/\/www.associationdemarie.org\/blog\/wp-json\/wp\/v2\/posts\/11583\/revisions\/11588"}],"wp:attachment":[{"href":"https:\/\/www.associationdemarie.org\/blog\/wp-json\/wp\/v2\/media?parent=11583"}],"wp:term":[{"taxonomy":"category","embeddable":true,"href":"https:\/\/www.associationdemarie.org\/blog\/wp-json\/wp\/v2\/categories?post=11583"},{"taxonomy":"post_tag","embeddable":true,"href":"https:\/\/www.associationdemarie.org\/blog\/wp-json\/wp\/v2\/tags?post=11583"}],"curies":[{"name":"wp","href":"https:\/\/api.w.org\/{rel}","templated":true}]}}