{"id":11558,"date":"2015-08-16T01:18:06","date_gmt":"2015-08-16T00:18:06","guid":{"rendered":"http:\/\/www.associationdemarie.org\/blog\/?p=11558"},"modified":"2015-08-01T07:27:07","modified_gmt":"2015-08-01T06:27:07","slug":"evangile-de-jesus-christ-selon-saint-jean-651-58","status":"publish","type":"post","link":"https:\/\/www.associationdemarie.org\/blog\/evangile-de-jesus-christ-selon-saint-jean-651-58\/","title":{"rendered":"\u00c9vangile de J\u00e9sus Christ selon saint Jean 6,51-58."},"content":{"rendered":"<p><a href=\"https:\/\/www.associationdemarie.org\/blog\/wp-content\/uploads\/2015\/08\/mariejesuseucharist.jpg\"><img loading=\"lazy\" decoding=\"async\" class=\"alignleft  wp-image-11559\" src=\"https:\/\/www.associationdemarie.org\/blog\/wp-content\/uploads\/2015\/08\/mariejesuseucharist.jpg\" alt=\"mariejesuseucharist\" width=\"214\" height=\"339\" srcset=\"https:\/\/www.associationdemarie.org\/blog\/wp-content\/uploads\/2015\/08\/mariejesuseucharist.jpg 198w, https:\/\/www.associationdemarie.org\/blog\/wp-content\/uploads\/2015\/08\/mariejesuseucharist-189x300.jpg 189w\" sizes=\"auto, (max-width: 214px) 100vw, 214px\" \/><\/a>JESUS disait \u00e0 la foule : \u00ab Moi, JE suis le pain vivant qui est descendu du ciel : si quelqu\u2019un mange de ce pain, il vivra \u00e9ternellement. Le pain que je donnerai, c\u2019est ma chair donn\u00e9e pour que le monde ait la vie. \u00bb<\/p>\n<p>JESUS avait dit: \u00ab\u00a0Amen, amen JE vous le dis, celui qui croit en moi, a la vie \u00e9ternelle \u00bb<\/p>\n<p>Aujourd\u2019hui JESUS dit : \u00ab\u00a0Celui qui mange ma chair et boit mon sang, demeure en Moi, et moi en lui. \u00bb<\/p>\n<p>La premi\u00e8re condition pour \u00ab\u00a0accepter d&rsquo;\u00e9couter JESUS, est d\u00e9j\u00e0 d&rsquo;avoir fait la d\u00e9marche de le rencontrer et de mettre sa confiance en LUI. Il faut d\u00e9j\u00e0 \u00eatre dans cette attitude d&rsquo;humble \u00e9coute pour entendre avec les oreilles du c\u0153ur, ce que JESUS veut nous dire :<\/p>\n<p>\u00ab\u00a0MOI, JE SUIS le pain vivant qui est descendu du ciel. \u00a0\u00bb<\/p>\n<p>Il faut d&rsquo;abord rencontrer JESUS pour LE conna\u00eetre ; puis croire en Lui, et reconna\u00eetre qu&rsquo;il est la Vie, selon ce qu&rsquo;IL a dit de lui-m\u00eame : \u00ab\u00a0JE suis le chemin, la V\u00e9rit\u00e9 et la Vie. \u00a0\u00bb<br \/>\nEnsuite il faut LE manger, LUI le pain vivant descendu du ciel, pour entrer dans le myst\u00e8re o\u00f9 DIEU nous fait p\u00e9n\u00e9trer par la foi . Les juifs discutaient entre eux : \u00ab\u00a0Comment cet homme-l\u00e0 peut-il nous donner sa chair \u00e0 manger ? \u00a0\u00bb Pour accueillir un tel discours, ne faut-il pas d\u00e9j\u00e0 avoir r\u00e9pondu \u00e0 cet appel.<\/p>\n<p>\u00ab\u00a0Venez mes fils \u00e9coutez-moi que je vous enseigne la crainte de DIEU qui donc aime la vie et d\u00e9sire les jours o\u00f9 il verra le bonheur. \u00a0\u00bb (Psaume 33)<\/p>\n<p>C&rsquo;est seulement celui qui cherche le bonheur et la vie qui peut \u00e9couter et accepter d&rsquo;entendre de telles paroles\u2026cet homme-l\u00e0 n&rsquo;a t-il pas un langage nouveau ? C&rsquo;est une gr\u00e2ce de vouloir \u00e9couter sans comprendre avec son intelligence mais seulement avec son c\u0153ur. D&rsquo;ailleurs JESUS le dira :<br \/>\n\u00ab\u00a0Nul ne peut venir \u00e0 moi, si le P\u00e8re qui m&rsquo;a envoy\u00e9 ne l&rsquo;attire vers moi. \u00a0\u00bb<\/p>\n<p>Les juifs qui n&rsquo;avaient pas reconnu leur Messie en JESUS ne pouvaient pas croire dans les paroles de JESUS qui s&rsquo;adressent non pas \u00e0 l&rsquo;intelligence rationnelle, non pas \u00e0 l&rsquo;intelligence des Ecritures, mais \u00e0 l&rsquo;\u0153uvre extraordinaire de Vie o\u00f9 chaque homme est convi\u00e9 par le SEIGNEUR JESUS. La foi est une gr\u00e2ce \u00e0 demander qui jaillit de la rencontre. Alors le Saint Esprit est \u00e0 l&rsquo;\u0153uvre et l&rsquo;inimaginable se produit : DIEU livre son Corps et son Sang pour la vie du monde. Et nous sommes \u00a0\u00bb sauv\u00e9s par pure gr\u00e2ce \u00ab\u00a0. Le pain vivant descendu du ciel, nous fera monter au ciel, car d\u00e8s aujourd&rsquo;hui par la foi, DIEU se donne \u00e0 nous sous des apparences ordinaires du pain et du vin !\u2026La vie \u00e9ternelle est le cadeau de participation \u00e0 la vie du P\u00e8re et du Fils :<\/p>\n<p>\u00ab\u00a0De m\u00eame que le P\u00e8re qui est Vivant m&rsquo;a envoy\u00e9, et que Moi JE vis par le P\u00e8re, de m\u00eame aussi celui qui me mangera vivra par moi. Tel est le pain qui descend du ciel. \u00a0\u00bb<\/p>\n<p>C&rsquo;est dans l&rsquo;adoration que nous pouvons contempler le SEIGNEUR de gloire qui se donne \u00e0 nous par ce PAIN VIVANT. Oui c&rsquo;est bien un Corps Vivant qui nous est donn\u00e9 dans la foi. C&rsquo;est le corps de JESUS MORT ET RESUSCITE\u2026livr\u00e9 pour notre Vie Eternelle. JESUS insiste dans son discours pour nous dire que son Corps est vraiment une nourriture, et son Sang, une vraie boisson, qui viennent intimement reconstituer notre corps mortel.<\/p>\n<p>A quel myst\u00e8re et \u00e0 quelle grandeur l&rsquo;homme est destin\u00e9 ! Le SEIGNEUR veut nous faire partager Sa Gloire et Sa Vie d\u00e8s ici-bas. Ainsi d\u00e8s aujourd&rsquo;hui le SEIGNEUR nous fait participer, en mangeant son Corps, \u00e0 la Vie qu&rsquo;IL nous a acquise par Sa Croix.<br \/>\n\u00ab\u00a0Go\u00fbtez et voyez comme est bon le SEIGNEUR. \u00a0\u00bb<\/p>\n<p>&nbsp;<\/p>\n<p>A LUI, LA GLOIRE ETERNELLEMENT !<\/p>\n<p><span style=\"color: #ffffff;\">.<\/span><br \/>\n<strong>\u00ab\u00a0Si on savait ce que c&rsquo;est que communier, on mourrait de bonheur. \u00a0\u00bb Cur\u00e9 d&rsquo;Ars<\/strong><\/p>\n<p>&nbsp;<\/p>\n<p>&nbsp;<\/p>\n<p>&nbsp;<\/p>\n<p>&nbsp;<\/p>\n<p>&nbsp;<\/p>\n<p>&nbsp;<\/p>\n","protected":false},"excerpt":{"rendered":"<p>JESUS disait \u00e0 la foule : \u00ab Moi, JE suis le pain vivant qui est descendu du ciel : si quelqu\u2019un mange de ce pain, il vivra \u00e9ternellement. Le pain que je donnerai, c\u2019est ma chair donn\u00e9e pour que le monde ait la vie. \u00bb JESUS avait dit: \u00ab\u00a0Amen, amen JE vous le dis, celui [&hellip;]<\/p>\n","protected":false},"author":2,"featured_media":0,"comment_status":"closed","ping_status":"closed","sticky":false,"template":"","format":"standard","meta":{"footnotes":""},"categories":[3,13],"tags":[246,385,389,755,1023,1041],"class_list":["post-11558","post","type-post","status-publish","format-standard","hentry","category-liturgique","category-ecritures","tag-communion","tag-eucharistie","tag-evangile","tag-pain-de-vie","tag-st-cure-dars","tag-st-jean"],"_links":{"self":[{"href":"https:\/\/www.associationdemarie.org\/blog\/wp-json\/wp\/v2\/posts\/11558","targetHints":{"allow":["GET"]}}],"collection":[{"href":"https:\/\/www.associationdemarie.org\/blog\/wp-json\/wp\/v2\/posts"}],"about":[{"href":"https:\/\/www.associationdemarie.org\/blog\/wp-json\/wp\/v2\/types\/post"}],"author":[{"embeddable":true,"href":"https:\/\/www.associationdemarie.org\/blog\/wp-json\/wp\/v2\/users\/2"}],"replies":[{"embeddable":true,"href":"https:\/\/www.associationdemarie.org\/blog\/wp-json\/wp\/v2\/comments?post=11558"}],"version-history":[{"count":5,"href":"https:\/\/www.associationdemarie.org\/blog\/wp-json\/wp\/v2\/posts\/11558\/revisions"}],"predecessor-version":[{"id":11564,"href":"https:\/\/www.associationdemarie.org\/blog\/wp-json\/wp\/v2\/posts\/11558\/revisions\/11564"}],"wp:attachment":[{"href":"https:\/\/www.associationdemarie.org\/blog\/wp-json\/wp\/v2\/media?parent=11558"}],"wp:term":[{"taxonomy":"category","embeddable":true,"href":"https:\/\/www.associationdemarie.org\/blog\/wp-json\/wp\/v2\/categories?post=11558"},{"taxonomy":"post_tag","embeddable":true,"href":"https:\/\/www.associationdemarie.org\/blog\/wp-json\/wp\/v2\/tags?post=11558"}],"curies":[{"name":"wp","href":"https:\/\/api.w.org\/{rel}","templated":true}]}}