{"id":11546,"date":"2015-07-30T07:31:11","date_gmt":"2015-07-30T06:31:11","guid":{"rendered":"http:\/\/www.associationdemarie.org\/blog\/?p=11546"},"modified":"2015-07-30T07:31:11","modified_gmt":"2015-07-30T06:31:11","slug":"plus-riches","status":"publish","type":"post","link":"https:\/\/www.associationdemarie.org\/blog\/plus-riches\/","title":{"rendered":"Plus riches"},"content":{"rendered":"<p><iframe loading=\"lazy\" title=\"Chants \u00e0 la tr\u00e8s Douce Vierge Marie\" width=\"500\" height=\"281\" src=\"https:\/\/www.youtube.com\/embed\/Q-RYiyY-3YE?feature=oembed\" frameborder=\"0\" allow=\"accelerometer; autoplay; clipboard-write; encrypted-media; gyroscope; picture-in-picture; web-share\" referrerpolicy=\"strict-origin-when-cross-origin\" allowfullscreen><\/iframe><\/p>\n<p>&nbsp;<\/p>\n<div class=\"_5pbx userContent\" data-ft=\"{&quot;tn&quot;:&quot;K&quot;}\">\n<p>A propos de la Sainte Vierge il faut que je te confie une de mes simplicit\u00e9s avec elle; parfois je me surprends \u00e0 lui dire : \u00ab\u00a0Mais ma bonne Sainte Vierge, je trouve que je suis plus heureuse que vous, car je vous ai pour M\u00e8re, et vous, vous n&rsquo;avez pas de Sainte Vierge \u00e0 aimer&#8230;<br \/>\nIl est vrai que vous \u00eates la M\u00e8re de J\u00e9sus mais ce J\u00e9sus vous nous l&rsquo;avez donn\u00e9 tout entier&#8230;et lui sur la croix, il vous a donn\u00e9s \u00e0 nous pour M\u00e8re. Ainsi nous sommes plus riches que vous puisque nous poss\u00e9dons J\u00e9sus et que vous \u00eates \u00e0 nous aussi .\u00a0\u00bb ( L.T. 137 ).<\/p>\n<p>Ste Th\u00e9r\u00e8se<\/p>\n<p>&nbsp;<\/p>\n<p>&nbsp;<\/p>\n<p>&nbsp;<\/p>\n<p>&nbsp;<\/p>\n<\/div>\n","protected":false},"excerpt":{"rendered":"<p>&nbsp; A propos de la Sainte Vierge il faut que je te confie une de mes simplicit\u00e9s avec elle; parfois je me surprends \u00e0 lui dire : \u00ab\u00a0Mais ma bonne Sainte Vierge, je trouve que je suis plus heureuse que vous, car je vous ai pour M\u00e8re, et vous, vous n&rsquo;avez pas de Sainte Vierge [&hellip;]<\/p>\n","protected":false},"author":2,"featured_media":0,"comment_status":"closed","ping_status":"closed","sticky":false,"template":"","format":"standard","meta":{"footnotes":""},"categories":[27,28],"tags":[831,1107,1189],"class_list":["post-11546","post","type-post","status-publish","format-standard","hentry","category-prieres","category-saints-et-saintes","tag-priere-et-chant","tag-ste-therese","tag-vierge-marie"],"_links":{"self":[{"href":"https:\/\/www.associationdemarie.org\/blog\/wp-json\/wp\/v2\/posts\/11546","targetHints":{"allow":["GET"]}}],"collection":[{"href":"https:\/\/www.associationdemarie.org\/blog\/wp-json\/wp\/v2\/posts"}],"about":[{"href":"https:\/\/www.associationdemarie.org\/blog\/wp-json\/wp\/v2\/types\/post"}],"author":[{"embeddable":true,"href":"https:\/\/www.associationdemarie.org\/blog\/wp-json\/wp\/v2\/users\/2"}],"replies":[{"embeddable":true,"href":"https:\/\/www.associationdemarie.org\/blog\/wp-json\/wp\/v2\/comments?post=11546"}],"version-history":[{"count":1,"href":"https:\/\/www.associationdemarie.org\/blog\/wp-json\/wp\/v2\/posts\/11546\/revisions"}],"predecessor-version":[{"id":11547,"href":"https:\/\/www.associationdemarie.org\/blog\/wp-json\/wp\/v2\/posts\/11546\/revisions\/11547"}],"wp:attachment":[{"href":"https:\/\/www.associationdemarie.org\/blog\/wp-json\/wp\/v2\/media?parent=11546"}],"wp:term":[{"taxonomy":"category","embeddable":true,"href":"https:\/\/www.associationdemarie.org\/blog\/wp-json\/wp\/v2\/categories?post=11546"},{"taxonomy":"post_tag","embeddable":true,"href":"https:\/\/www.associationdemarie.org\/blog\/wp-json\/wp\/v2\/tags?post=11546"}],"curies":[{"name":"wp","href":"https:\/\/api.w.org\/{rel}","templated":true}]}}