{"id":115,"date":"2009-03-19T18:55:47","date_gmt":"2009-03-19T18:55:47","guid":{"rendered":"http:\/\/preprod.meltem-int.com\/marie\/blog\/?p=115"},"modified":"2009-03-19T18:55:47","modified_gmt":"2009-03-19T18:55:47","slug":"st-joseph","status":"publish","type":"post","link":"https:\/\/www.associationdemarie.org\/blog\/st-joseph\/","title":{"rendered":"St Joseph"},"content":{"rendered":"<p><img loading=\"lazy\" decoding=\"async\" class=\"alignright size-medium wp-image-116\" title=\"st-joseph\" src=\"https:\/\/www.associationdemarie.org\/blog\/wp-content\/uploads\/2009\/05\/st-joseph-194x300.jpg\" alt=\"st-joseph\" width=\"194\" height=\"300\" srcset=\"https:\/\/www.associationdemarie.org\/blog\/wp-content\/uploads\/2009\/05\/st-joseph-194x300.jpg 194w, https:\/\/www.associationdemarie.org\/blog\/wp-content\/uploads\/2009\/05\/st-joseph.jpg 292w\" sizes=\"auto, (max-width: 194px) 100vw, 194px\" \/>\u00ab\u00a0La discr\u00e9tion extr\u00eame avec laquelle Joseph accomplit le r\u00f4le que Dieu lui avait confi\u00e9 met encore davantage en \u00e9vidence sa foi, qui consista \u00e0 se placer toujours \u00e0 l\u2019\u00e9coute du Seigneur, en cherchant \u00e0 comprendre sa volont\u00e9, afin d\u2019ob\u00e9ir \u00e0 celle-ci de tout son c\u0153ur et de toutes ses forces. C\u2019est pourquoi l\u2019Evangile le d\u00e9finit comme un homme \u00ab\u00a0juste\u00a0\u00bb (Mt 1, 19). En effet, le juste est une personne qui prie, qui vit de la foi et qui cherche \u00e0 accomplir le bien en chaque circonstance concr\u00e8te de la vie.\u00a0\u00bb<br \/>\n<strong>Jean Paul II<\/strong>, Ang\u00e9lus du 17 mars 2002.<\/p>\n","protected":false},"excerpt":{"rendered":"<p>\u00ab\u00a0La discr\u00e9tion extr\u00eame avec laquelle Joseph accomplit le r\u00f4le que Dieu lui avait confi\u00e9 met encore davantage en \u00e9vidence sa foi, qui consista \u00e0 se placer toujours \u00e0 l\u2019\u00e9coute du Seigneur, en cherchant \u00e0 comprendre sa volont\u00e9, afin d\u2019ob\u00e9ir \u00e0 celle-ci de tout son c\u0153ur et de toutes ses forces. C\u2019est pourquoi l\u2019Evangile le d\u00e9finit [&hellip;]<\/p>\n","protected":false},"author":2,"featured_media":0,"comment_status":"closed","ping_status":"closed","sticky":false,"template":"","format":"standard","meta":{"footnotes":""},"categories":[28],"tags":[407,525,923,1049],"class_list":["post-115","post","type-post","status-publish","format-standard","hentry","category-saints-et-saintes","tag-fete","tag-jean-paul-2","tag-saint","tag-st-joseph"],"_links":{"self":[{"href":"https:\/\/www.associationdemarie.org\/blog\/wp-json\/wp\/v2\/posts\/115","targetHints":{"allow":["GET"]}}],"collection":[{"href":"https:\/\/www.associationdemarie.org\/blog\/wp-json\/wp\/v2\/posts"}],"about":[{"href":"https:\/\/www.associationdemarie.org\/blog\/wp-json\/wp\/v2\/types\/post"}],"author":[{"embeddable":true,"href":"https:\/\/www.associationdemarie.org\/blog\/wp-json\/wp\/v2\/users\/2"}],"replies":[{"embeddable":true,"href":"https:\/\/www.associationdemarie.org\/blog\/wp-json\/wp\/v2\/comments?post=115"}],"version-history":[{"count":0,"href":"https:\/\/www.associationdemarie.org\/blog\/wp-json\/wp\/v2\/posts\/115\/revisions"}],"wp:attachment":[{"href":"https:\/\/www.associationdemarie.org\/blog\/wp-json\/wp\/v2\/media?parent=115"}],"wp:term":[{"taxonomy":"category","embeddable":true,"href":"https:\/\/www.associationdemarie.org\/blog\/wp-json\/wp\/v2\/categories?post=115"},{"taxonomy":"post_tag","embeddable":true,"href":"https:\/\/www.associationdemarie.org\/blog\/wp-json\/wp\/v2\/tags?post=115"}],"curies":[{"name":"wp","href":"https:\/\/api.w.org\/{rel}","templated":true}]}}