{"id":11497,"date":"2015-07-30T01:35:25","date_gmt":"2015-07-30T00:35:25","guid":{"rendered":"http:\/\/www.associationdemarie.org\/blog\/?p=11497"},"modified":"2015-07-15T16:40:23","modified_gmt":"2015-07-15T15:40:23","slug":"intentions-de-prieres-du-pape-francois-aout-2015","status":"publish","type":"post","link":"https:\/\/www.associationdemarie.org\/blog\/intentions-de-prieres-du-pape-francois-aout-2015\/","title":{"rendered":"Intentions de pri\u00e8res du pape Fran\u00e7ois &#8211; ao\u00fbt 2015"},"content":{"rendered":"<div class=\"page\" title=\"Page 2\">\n<div class=\"layoutArea\">\n<div class=\"column\">\n<p><a href=\"https:\/\/www.associationdemarie.org\/blog\/wp-content\/uploads\/2015\/07\/pape-Fran\u00e7ois.jpg\"><img loading=\"lazy\" decoding=\"async\" class=\"aligncenter  wp-image-11498\" src=\"https:\/\/www.associationdemarie.org\/blog\/wp-content\/uploads\/2015\/07\/pape-Fran\u00e7ois.jpg\" alt=\"-\" width=\"450\" height=\"253\" srcset=\"https:\/\/www.associationdemarie.org\/blog\/wp-content\/uploads\/2015\/07\/pape-Fran\u00e7ois.jpg 805w, https:\/\/www.associationdemarie.org\/blog\/wp-content\/uploads\/2015\/07\/pape-Fran\u00e7ois-300x169.jpg 300w\" sizes=\"auto, (max-width: 450px) 100vw, 450px\" \/><\/a><\/p>\n<p>&nbsp;<\/p>\n<p><strong>Universelle \u2013 Les b\u00e9n\u00e9voles<\/strong><\/p>\n<p>Pour que les personnes \u0153uvrant dans le cadre du b\u00e9n\u00e9volat s\u2019engagent avec g\u00e9n\u00e9rosit\u00e9 au service des personnes en\u00a0situation de pr\u00e9carit\u00e9.<\/p>\n<p>&nbsp;<\/p>\n<p><strong> Pour l\u2019\u00e9vang\u00e9lisation \u2013 Aller aux p\u00e9riph\u00e9ries<\/strong><\/p>\n<p>Pour que, sortant de nous?m\u00eames, nous nous rendions proches des personnes qui se trouvent \u00e0 la p\u00e9riph\u00e9rie des relations humaines et sociales.<\/p>\n<p>&nbsp;<\/p>\n<p>&nbsp;<\/p>\n<p>&nbsp;<\/p>\n<\/div>\n<\/div>\n<\/div>\n","protected":false},"excerpt":{"rendered":"<p>&nbsp; Universelle \u2013 Les b\u00e9n\u00e9voles Pour que les personnes \u0153uvrant dans le cadre du b\u00e9n\u00e9volat s\u2019engagent avec g\u00e9n\u00e9rosit\u00e9 au service des personnes en\u00a0situation de pr\u00e9carit\u00e9. &nbsp; Pour l\u2019\u00e9vang\u00e9lisation \u2013 Aller aux p\u00e9riph\u00e9ries Pour que, sortant de nous?m\u00eames, nous nous rendions proches des personnes qui se trouvent \u00e0 la p\u00e9riph\u00e9rie des relations humaines et sociales. &nbsp; [&hellip;]<\/p>\n","protected":false},"author":2,"featured_media":0,"comment_status":"closed","ping_status":"closed","sticky":false,"template":"","format":"standard","meta":{"footnotes":""},"categories":[2,14,27],"tags":[1350,387,504,761],"class_list":["post-11497","post","type-post","status-publish","format-standard","hentry","category-actualites","category-groupe-prieres","category-prieres","tag-benevoles","tag-evangelisation","tag-intentions-de-priere","tag-pape-francois"],"_links":{"self":[{"href":"https:\/\/www.associationdemarie.org\/blog\/wp-json\/wp\/v2\/posts\/11497","targetHints":{"allow":["GET"]}}],"collection":[{"href":"https:\/\/www.associationdemarie.org\/blog\/wp-json\/wp\/v2\/posts"}],"about":[{"href":"https:\/\/www.associationdemarie.org\/blog\/wp-json\/wp\/v2\/types\/post"}],"author":[{"embeddable":true,"href":"https:\/\/www.associationdemarie.org\/blog\/wp-json\/wp\/v2\/users\/2"}],"replies":[{"embeddable":true,"href":"https:\/\/www.associationdemarie.org\/blog\/wp-json\/wp\/v2\/comments?post=11497"}],"version-history":[{"count":1,"href":"https:\/\/www.associationdemarie.org\/blog\/wp-json\/wp\/v2\/posts\/11497\/revisions"}],"predecessor-version":[{"id":11499,"href":"https:\/\/www.associationdemarie.org\/blog\/wp-json\/wp\/v2\/posts\/11497\/revisions\/11499"}],"wp:attachment":[{"href":"https:\/\/www.associationdemarie.org\/blog\/wp-json\/wp\/v2\/media?parent=11497"}],"wp:term":[{"taxonomy":"category","embeddable":true,"href":"https:\/\/www.associationdemarie.org\/blog\/wp-json\/wp\/v2\/categories?post=11497"},{"taxonomy":"post_tag","embeddable":true,"href":"https:\/\/www.associationdemarie.org\/blog\/wp-json\/wp\/v2\/tags?post=11497"}],"curies":[{"name":"wp","href":"https:\/\/api.w.org\/{rel}","templated":true}]}}