{"id":11471,"date":"2015-07-27T01:48:30","date_gmt":"2015-07-27T00:48:30","guid":{"rendered":"http:\/\/www.associationdemarie.org\/blog\/?p=11471"},"modified":"2015-07-13T06:52:39","modified_gmt":"2015-07-13T05:52:39","slug":"le-levain-du-monde-entier","status":"publish","type":"post","link":"https:\/\/www.associationdemarie.org\/blog\/le-levain-du-monde-entier\/","title":{"rendered":"Le levain du monde entier"},"content":{"rendered":"<p><a href=\"https:\/\/www.associationdemarie.org\/blog\/wp-content\/uploads\/2015\/07\/bl\u00e9.jpg\"><img loading=\"lazy\" decoding=\"async\" class=\"aligncenter  wp-image-11472\" src=\"https:\/\/www.associationdemarie.org\/blog\/wp-content\/uploads\/2015\/07\/bl\u00e9.jpg\" alt=\"bl\u00e9\" width=\"457\" height=\"343\" srcset=\"https:\/\/www.associationdemarie.org\/blog\/wp-content\/uploads\/2015\/07\/bl\u00e9.jpg 600w, https:\/\/www.associationdemarie.org\/blog\/wp-content\/uploads\/2015\/07\/bl\u00e9-300x225.jpg 300w\" sizes=\"auto, (max-width: 457px) 100vw, 457px\" \/><\/a><\/p>\n<p>Nous lisons dans l&rsquo;\u00c9vangile : \u00ab Si le grain de bl\u00e9 ne tombe en terre et n&rsquo;y meurt, il reste seul ; s&rsquo;il meurt, il porte beaucoup de fruit \u00bb (Jn 12,24). Le Seigneur J\u00e9sus est le grain de bl\u00e9, mais il est aussi le levain\u2026 En venant, homme et seul, dans le monde, le Seigneur J\u00e9sus a donn\u00e9 \u00e0 tous les hommes la possibilit\u00e9 de devenir ce qu&rsquo;il est lui-m\u00eame. Tout homme qui s&rsquo;unit au levain du Christ devient lui aussi du levain, utile \u00e0 lui-m\u00eame et profitable \u00e0 tous ; il sera sauv\u00e9 et il sauvera autrui.<\/p>\n<p>Avant d&rsquo;\u00eatre diss\u00e9min\u00e9 dans un monceau de farine, le levain est broy\u00e9, \u00e9cras\u00e9, \u00e9miett\u00e9, il est compl\u00e8tement dissous \u2014 mais c&rsquo;est alors qu&rsquo;il rassemble en une m\u00eame fermentation les grains innombrables et dispers\u00e9s de la farine. Il ram\u00e8ne en un corps solide une substance qui, d&rsquo;elle-m\u00eame, \u00e9tait aussi inconsistante que la poussi\u00e8re ; il fait, enfin, une p\u00e2te utile de ce qui semblait n&rsquo;\u00eatre qu&rsquo;un vain \u00e9parpillement.<\/p>\n<p>Ainsi le Seigneur J\u00e9sus Christ, levain du monde entier, a \u00e9t\u00e9 bris\u00e9 par beaucoup de souffrances, lac\u00e9r\u00e9 et d\u00e9truit, et son suc, c&rsquo;est \u00e0 dire son pr\u00e9cieux sang, s&rsquo;est r\u00e9pandu pour nous, afin d&rsquo;affermir, en s&rsquo;y m\u00ealant, tout le genre humain dispers\u00e9. Nous qui \u00e9tions comme une farine de peuples, nous voil\u00e0 rassembl\u00e9s comme du levain ; nous qui gisions lamentablement par toute la terre, dispers\u00e9s et broy\u00e9s, nous voil\u00e0 r\u00e9unis au corps du Christ gr\u00e2ce \u00e0 la puissance de sa Passion.<\/p>\n<p>Saint Maxime de Turin (?-v. 420), \u00e9v\u00eaque<br \/>\nHom\u00e9lie 111 ; CC Sermon 25, p.97 ; PL 57, 511 (trad. Qu\u00e9r\u00e9-Jaulmes \/ En Calcat rev.)<\/p>\n<p>&nbsp;<\/p>\n<p>&nbsp;<\/p>\n<p>&nbsp;<\/p>\n<p>&nbsp;<\/p>\n","protected":false},"excerpt":{"rendered":"<p>Nous lisons dans l&rsquo;\u00c9vangile : \u00ab Si le grain de bl\u00e9 ne tombe en terre et n&rsquo;y meurt, il reste seul ; s&rsquo;il meurt, il porte beaucoup de fruit \u00bb (Jn 12,24). Le Seigneur J\u00e9sus est le grain de bl\u00e9, mais il est aussi le levain\u2026 En venant, homme et seul, dans le monde, le [&hellip;]<\/p>\n","protected":false},"author":2,"featured_media":0,"comment_status":"closed","ping_status":"closed","sticky":false,"template":"","format":"standard","meta":{"footnotes":""},"categories":[3,13,1261,16,28],"tags":[389,459,536,579,777],"class_list":["post-11471","post","type-post","status-publish","format-standard","hentry","category-liturgique","category-ecritures","category-enseignement-2","category-jardins-de-la-bible","category-saints-et-saintes","tag-evangile","tag-grain","tag-jesus-christ","tag-levain","tag-passion"],"_links":{"self":[{"href":"https:\/\/www.associationdemarie.org\/blog\/wp-json\/wp\/v2\/posts\/11471","targetHints":{"allow":["GET"]}}],"collection":[{"href":"https:\/\/www.associationdemarie.org\/blog\/wp-json\/wp\/v2\/posts"}],"about":[{"href":"https:\/\/www.associationdemarie.org\/blog\/wp-json\/wp\/v2\/types\/post"}],"author":[{"embeddable":true,"href":"https:\/\/www.associationdemarie.org\/blog\/wp-json\/wp\/v2\/users\/2"}],"replies":[{"embeddable":true,"href":"https:\/\/www.associationdemarie.org\/blog\/wp-json\/wp\/v2\/comments?post=11471"}],"version-history":[{"count":1,"href":"https:\/\/www.associationdemarie.org\/blog\/wp-json\/wp\/v2\/posts\/11471\/revisions"}],"predecessor-version":[{"id":11473,"href":"https:\/\/www.associationdemarie.org\/blog\/wp-json\/wp\/v2\/posts\/11471\/revisions\/11473"}],"wp:attachment":[{"href":"https:\/\/www.associationdemarie.org\/blog\/wp-json\/wp\/v2\/media?parent=11471"}],"wp:term":[{"taxonomy":"category","embeddable":true,"href":"https:\/\/www.associationdemarie.org\/blog\/wp-json\/wp\/v2\/categories?post=11471"},{"taxonomy":"post_tag","embeddable":true,"href":"https:\/\/www.associationdemarie.org\/blog\/wp-json\/wp\/v2\/tags?post=11471"}],"curies":[{"name":"wp","href":"https:\/\/api.w.org\/{rel}","templated":true}]}}