{"id":11467,"date":"2015-07-26T01:11:38","date_gmt":"2015-07-26T00:11:38","guid":{"rendered":"http:\/\/www.associationdemarie.org\/blog\/?p=11467"},"modified":"2015-07-11T15:25:57","modified_gmt":"2015-07-11T14:25:57","slug":"sts-anne-et-joachim-mere-et-pere-de-la-sainte-vierge-2","status":"publish","type":"post","link":"https:\/\/www.associationdemarie.org\/blog\/sts-anne-et-joachim-mere-et-pere-de-la-sainte-vierge-2\/","title":{"rendered":"Sts Anne et Joachim, m\u00e8re et p\u00e8re de la Sainte Vierge"},"content":{"rendered":"<p>Anne appartenait \u00e0 ce peuple choisi qui, dans les desseins de Dieu, devait donner naissance au Sauveur des hommes ; elle \u00e9tait de la tribu de Juda et de la race de David. Ses parents, recommandables par leur origine, devinrent surtout illustres entre tous leurs concitoyens par l&rsquo;\u00e9clat d&rsquo;une vie pleine de bonnes \u0153uvres et de vertus. Dieu, qui avait pr\u00e9destin\u00e9 cette enfant \u00e0 devenir l&rsquo;a\u00efeule du Sauveur, la combla des gr\u00e2ces les plus admirables.<br \/>\nApr\u00e8s Marie, aucune femme plus que sainte Anne ne fut b\u00e9nie et privil\u00e9gi\u00e9e entre toutes les autres. Mais si elle re\u00e7ut tant de gr\u00e2ces, comme elle sut y r\u00e9pondre par la saintet\u00e9 de sa vie ! Toute jeune enfant, elle \u00e9tait douce, humble, modeste, ob\u00e9issante et orn\u00e9e des na\u00efves vertus de son \u00e2ge. Plus tard, comme elle sut bien garder intact le lis de sa virginit\u00e9 ! Comme elle d\u00e9passait toutes les filles, ses compagnes, par sa pi\u00e9t\u00e9, par la r\u00e9serve de sa tenue, son recueillement et la saintet\u00e9 de toute sa conduite !<\/p>\n<p>Puis, quand il plut \u00e0 Dieu d&rsquo;unir son sort \u00e0 celui de Joachim, combien Anne fut une \u00e9pouse pr\u00e9venante, respectueuse, laborieuse, charitable et scrupuleusement fid\u00e8le \u00e0 tous les devoirs de son \u00e9tat, vaquant \u00e0 propos au travail et \u00e0 la pri\u00e8re. Dieu lui refusa longtemps de devenir m\u00e8re ; elle se soumit humblement \u00e0 cette \u00e9preuve et l&rsquo;utilisa pour sa sanctification. Mais \u00e0 l&rsquo;\u00e9preuve succ\u00e9da une grande joie, car de Joachim et d&rsquo;Anne, d\u00e9j\u00e0 vieux, naquit miraculeusement celle qui devait \u00eatre la M\u00e8re du Sauveur et, dans l&rsquo;ordre de la gr\u00e2ce, la M\u00e8re du genre humain. C&rsquo;est sans doute un grand honneur pour sainte Anne, que d&rsquo;avoir donn\u00e9 naissance \u00e0 la M\u00e8re de Dieu ; mais il lui revient beaucoup plus de gloire d&rsquo;avoir form\u00e9 le c\u0153ur de Marie \u00e0 la vertu et \u00e0 l&rsquo;innocence !<\/p>\n<p>L&rsquo;\u00c9glise c\u00e9l\u00e9brera dans tous les \u00e2ges la pi\u00e9t\u00e9 maternelle de sainte Anne, et la gloire de sa Fille rejaillira sur elle de g\u00e9n\u00e9ration en g\u00e9n\u00e9ration. Le culte de sainte Anne a subi diverses alternatives. Son corps fut transport\u00e9 dans les Gaules, au premier si\u00e8cle de l&rsquo;\u00e8re chr\u00e9tienne, et enfoui dans un souterrain de l&rsquo;\u00e9glise d&rsquo;Apt, en Provence, \u00e0 l&rsquo;\u00e9poque des pers\u00e9cutions. \u00c0 la fin du VIIIe si\u00e8cle, il fut miraculeusement d\u00e9couvert et devint l&rsquo;objet d&rsquo;un p\u00e8lerinage. Mais c&rsquo;est surtout au XVIIe si\u00e8cle que le culte de sainte Anne acquit la popularit\u00e9 dont il jouit.<\/p>\n<p>De tous les sanctuaires de sainte Anne, le plus c\u00e9l\u00e8bre est celui d&rsquo;Auray, en Bretagne ; son origine est due \u00e0 la miraculeuse d\u00e9couverte d&rsquo;une vieille statue de la grande Sainte, accompagn\u00e9e des circonstances les plus extraordinaires et suivies de prodiges sans nombre. Sainte-Anne d&rsquo;Auray est encore aujourd&rsquo;hui l&rsquo;objet d&rsquo;un p\u00e8lerinage national.<\/p>\n<p><a href=\"https:\/\/www.associationdemarie.org\/blog\/wp-content\/uploads\/2015\/07\/Sant_Anna_J.jpg\"><img loading=\"lazy\" decoding=\"async\" class=\"aligncenter  wp-image-11468\" src=\"https:\/\/www.associationdemarie.org\/blog\/wp-content\/uploads\/2015\/07\/Sant_Anna_J.jpg\" alt=\"Sant_Anna_J\" width=\"421\" height=\"663\" srcset=\"https:\/\/www.associationdemarie.org\/blog\/wp-content\/uploads\/2015\/07\/Sant_Anna_J.jpg 463w, https:\/\/www.associationdemarie.org\/blog\/wp-content\/uploads\/2015\/07\/Sant_Anna_J-190x300.jpg 190w\" sizes=\"auto, (max-width: 421px) 100vw, 421px\" \/><\/a><\/p>\n<p>Joachim, de la tribu de Juda et de l&rsquo;antique famille de David, \u00e9tait pasteur de brebis \u00e0 Nazareth. Stolan, p\u00e8re de sainte Anne, lui donna sa pieuse fille en mariage. Les deux \u00e9poux v\u00e9curent dans la crainte du Seigneur et dans la pratique des bonnes \u0153uvres. Ils firent trois parts de leurs biens : l&rsquo;une \u00e9tait destin\u00e9e au temple et aux ministres de la religion ; ils r\u00e9pandaient la seconde dans le sein des pauvres ; la derni\u00e8re servait aux besoins de la famille.<br \/>\nCependant le bonheur n&rsquo;\u00e9tait pas dans ce m\u00e9nage : l&rsquo;\u00e9pouse de Joachim \u00e9tait st\u00e9rile. Depuis vingt ans ils priaient Dieu de les d\u00e9livrer d&rsquo;un tel opprobre, lorsqu&rsquo;ils se rendirent, suivant leur coutume, \u00e0 la ville sainte pour la f\u00eate des Tabernacles. Les enfants d&rsquo;Isra\u00ebl y venaient offrir des sacrifices au Seigneur, et le grand-pr\u00eatre Ruben immolait leurs victimes. Joachim se pr\u00e9senta \u00e0 son tour. Il portait un agneau ; Anne le suivait, la t\u00eate voil\u00e9e, le c\u0153ur plein de soupirs et de larmes. Le grand-pr\u00eatre, en les apercevant monter les degr\u00e9s du temple, n&rsquo;eut pour eux que des paroles de m\u00e9pris et de reproche : \u00ab Vous est-il permis, leur dit-il, de pr\u00e9senter votre offrande au Seigneur, vous qu&rsquo;Il n&rsquo;a pas jug\u00e9s dignes d&rsquo;avoir une post\u00e9rit\u00e9 ? Ne savez-vous pas qu&rsquo;en Isra\u00ebl l&rsquo;\u00e9poux qui n&rsquo;a pas la gloire d&rsquo;\u00eatre p\u00e8re est maudit de Dieu ? \u00bb Et en pr\u00e9sence du peuple il repoussa leur offrande.<\/p>\n<p>Joachim ne voulut point revenir \u00e0 Nazareth avec les t\u00e9moins de son opprobre. Leur pr\u00e9sence e\u00fbt augment\u00e9 sa douleur. Anne retourna seule dans sa demeure. Pour lui, il se retira dans une campagne voisine de J\u00e9rusalem, o\u00f9 des bergers gardaient ses troupeaux. Le calme silencieux de la vie pastorale, le spectacle touchant de la nature, apport\u00e8rent quelque soulagement \u00e0 la blessure de son c\u0153ur. Qui n&rsquo;a jamais senti que la solitude le rapproche de Dieu ?<\/p>\n<p>Un jour qu&rsquo;il se trouvait seul dans les champs, l&rsquo;Ange Gabriel se tint debout devant lui. Joachim se prosterna, tremblant de peur : \u00ab Ne crains pas, dit le messager c\u00e9leste, je suis l&rsquo;Ange du Seigneur, et c&rsquo;est Dieu Lui-m\u00eame qui m&rsquo;envoie. Il a pr\u00eat\u00e9 l&rsquo;oreille \u00e0 ta pri\u00e8re, tes aum\u00f4nes sont mont\u00e9es en Sa pr\u00e9sence. Anne, ton \u00e9pouse, mettra au monde une fille ; vous la nommerez Marie et vous la consacrerez \u00e0 Dieu dans le temps ; le Saint-Esprit habitera dans son \u00e2me d\u00e8s le sein de sa m\u00e8re et Il op\u00e9rera en elle de grandes choses.\u00bb Apr\u00e8s ces mots, l&rsquo;Ange disparut.<\/p>\n<p>Joachim vit bient\u00f4t se r\u00e9aliser la pr\u00e9diction de l&rsquo;Archange. De son c\u00f4t\u00e9, il fut fid\u00e8le aux ordres du Seigneur : sa fille re\u00e7ut le nom de Marie, et, \u00e0 trois ans, il la confia aux pieuses femmes qui \u00e9levaient dans le temple de J\u00e9rusalem les jeunes filles consacr\u00e9es au Seigneur. Elle y vivait depuis huit ans sous le regard de Dieu lorsque Joachim mourut charg\u00e9 de m\u00e9rites et de vertus. Anne, son \u00e9pouse, le fit ensevelir dans la vall\u00e9e de Josaphat, non loin du jardin de Geths\u00e9mani, o\u00f9 elle devait le rejoindre un an plus tard.<\/p>\n<p>Source principale : Abb\u00e9 L. Jaud -Vie des Saints&#8230;- (\u00ab R\u00e9v. x gpm \u00bb).<\/p>\n<p>&nbsp;<\/p>\n<p>&nbsp;<\/p>\n<p>&nbsp;<\/p>\n<p>&nbsp;<\/p>\n","protected":false},"excerpt":{"rendered":"<p>Anne appartenait \u00e0 ce peuple choisi qui, dans les desseins de Dieu, devait donner naissance au Sauveur des hommes ; elle \u00e9tait de la tribu de Juda et de la race de David. Ses parents, recommandables par leur origine, devinrent surtout illustres entre tous leurs concitoyens par l&rsquo;\u00e9clat d&rsquo;une vie pleine de bonnes \u0153uvres et [&hellip;]<\/p>\n","protected":false},"author":2,"featured_media":0,"comment_status":"closed","ping_status":"closed","sticky":false,"template":"","format":"standard","meta":{"footnotes":""},"categories":[3,15,16,28],"tags":[1383,945,1048,1086,1189],"class_list":["post-11467","post","type-post","status-publish","format-standard","hentry","category-liturgique","category-histoire","category-jardins-de-la-bible","category-saints-et-saintes","tag-histoire","tag-saints","tag-st-joachim","tag-ste-anne","tag-vierge-marie"],"_links":{"self":[{"href":"https:\/\/www.associationdemarie.org\/blog\/wp-json\/wp\/v2\/posts\/11467","targetHints":{"allow":["GET"]}}],"collection":[{"href":"https:\/\/www.associationdemarie.org\/blog\/wp-json\/wp\/v2\/posts"}],"about":[{"href":"https:\/\/www.associationdemarie.org\/blog\/wp-json\/wp\/v2\/types\/post"}],"author":[{"embeddable":true,"href":"https:\/\/www.associationdemarie.org\/blog\/wp-json\/wp\/v2\/users\/2"}],"replies":[{"embeddable":true,"href":"https:\/\/www.associationdemarie.org\/blog\/wp-json\/wp\/v2\/comments?post=11467"}],"version-history":[{"count":2,"href":"https:\/\/www.associationdemarie.org\/blog\/wp-json\/wp\/v2\/posts\/11467\/revisions"}],"predecessor-version":[{"id":11470,"href":"https:\/\/www.associationdemarie.org\/blog\/wp-json\/wp\/v2\/posts\/11467\/revisions\/11470"}],"wp:attachment":[{"href":"https:\/\/www.associationdemarie.org\/blog\/wp-json\/wp\/v2\/media?parent=11467"}],"wp:term":[{"taxonomy":"category","embeddable":true,"href":"https:\/\/www.associationdemarie.org\/blog\/wp-json\/wp\/v2\/categories?post=11467"},{"taxonomy":"post_tag","embeddable":true,"href":"https:\/\/www.associationdemarie.org\/blog\/wp-json\/wp\/v2\/tags?post=11467"}],"curies":[{"name":"wp","href":"https:\/\/api.w.org\/{rel}","templated":true}]}}