{"id":11459,"date":"2015-07-25T01:59:28","date_gmt":"2015-07-25T00:59:28","guid":{"rendered":"http:\/\/www.associationdemarie.org\/blog\/?p=11459"},"modified":"2015-07-10T20:03:41","modified_gmt":"2015-07-10T19:03:41","slug":"fete-de-saint-jacques-le-majeur-apotre","status":"publish","type":"post","link":"https:\/\/www.associationdemarie.org\/blog\/fete-de-saint-jacques-le-majeur-apotre\/","title":{"rendered":"F\u00eate de saint Jacques (le majeur), ap\u00f4tre"},"content":{"rendered":"<p><a href=\"https:\/\/www.associationdemarie.org\/blog\/wp-content\/uploads\/2015\/07\/St-Jacques.jpg\"><img loading=\"lazy\" decoding=\"async\" class=\"aligncenter size-full wp-image-11460\" src=\"https:\/\/www.associationdemarie.org\/blog\/wp-content\/uploads\/2015\/07\/St-Jacques.jpg\" alt=\"St Jacques\" width=\"334\" height=\"472\" srcset=\"https:\/\/www.associationdemarie.org\/blog\/wp-content\/uploads\/2015\/07\/St-Jacques.jpg 334w, https:\/\/www.associationdemarie.org\/blog\/wp-content\/uploads\/2015\/07\/St-Jacques-212x300.jpg 212w\" sizes=\"auto, (max-width: 334px) 100vw, 334px\" \/><\/a><\/p>\n<p>Jacques, fils de Z\u00e9b\u00e9d\u00e9e, appel\u00e9 aussi Jacques le Majeur, appartient, avec Pierre et Jean, au groupe des trois disciples privil\u00e9gi\u00e9s qui sont admis par J\u00e9sus \u00e0 assister \u00e0 des moments importants de sa vie. Il a pu participer, avec Pierre et Jean, au moment de l&rsquo;agonie de J\u00e9sus au jardin de Geths\u00e9mani et \u00e0 l&rsquo;\u00e9v\u00e9nement de la Transfiguration de J\u00e9sus. Il s&rsquo;agit donc de situations tr\u00e8s diff\u00e9rentes l&rsquo;une de l&rsquo;autre. En un cas, Jacques fait l&rsquo;exp\u00e9rience avec les deux autres ap\u00f4tres de la gloire du Seigneur, il le voit en conversation avec Mo\u00efse et \u00c9lie, il voit transpara\u00eetre la splendeur divine en J\u00e9sus. Dans l&rsquo;autre, il se trouve devant la souffrance et l&rsquo;humiliation, il voit de ses propres yeux combien le Fils de Dieu s&rsquo;humilie en se faisant ob\u00e9issant jusqu&rsquo;\u00e0 la mort. Certainement, cette seconde exp\u00e9rience a \u00e9t\u00e9 pour lui une occasion de m\u00fbrir dans la foi, pour corriger l&rsquo;interpr\u00e9tation unilat\u00e9rale, triomphaliste, de la premi\u00e8re : il a d\u00fb entrevoir que le Messie attendu par le peuple juif comme un triomphateur, en r\u00e9alit\u00e9 n&rsquo;\u00e9tait pas aur\u00e9ol\u00e9 seulement d&rsquo;honneur et de gloire, mais aussi de souffrances et de faiblesse. La gloire du Christ se r\u00e9alise pr\u00e9cis\u00e9ment dans la croix, dans la participation \u00e0 nos souffrances.<\/p>\n<p>Cette maturation dans la foi a \u00e9t\u00e9 men\u00e9e \u00e0 son ach\u00e8vement par l&rsquo;Esprit Saint \u00e0 la Pentec\u00f4te, de sorte que lorsque vint le moment du supr\u00eame t\u00e9moignage, Jacques ne fuit pas. Au d\u00e9but des ann\u00e9es 40 du premier si\u00e8cle, le roi H\u00e9rode Agrippa, neveu d&rsquo;H\u00e9rode le Grand, comme nous en informe Luc, \u00ab se mit \u00e0 maltraiter certains membres de l&rsquo;\u00c9glise. Il supprima Jacques, fr\u00e8re de Jean, en le faisant d\u00e9capiter \u00bb (Ac 12,1-2)&#8230; De saint Jacques, donc, nous pouvons apprendre bien des choses : la promptitude \u00e0 accueillir l&rsquo;appel du Seigneur m\u00eame quand il nous demande de quitter la \u00ab barque \u00bb de nos s\u00e9curit\u00e9s humaines (Mt 4,21), l&rsquo;enthousiasme \u00e0 le suivre sur les routes qu&rsquo;il nous indique au del\u00e0 de toutes nos pr\u00e9somptions illusoires, la disponibilit\u00e9 \u00e0 t\u00e9moigner de lui avec courage, si c&rsquo;est n\u00e9cessaire jusqu&rsquo;au sacrifice supr\u00eame de la vie. Ainsi Jacques le Majeur se pr\u00e9sente \u00e0 nous comme un exemple \u00e9loquent de g\u00e9n\u00e9reuse adh\u00e9sion au Christ. Lui qui, initialement, avait demand\u00e9 par l&rsquo;interm\u00e9diaire de sa m\u00e8re \u00e0 si\u00e9ger aux c\u00f4t\u00e9s du Ma\u00eetre dans son Royaume, a \u00e9t\u00e9 pr\u00e9cis\u00e9ment le premier \u00e0 boire le calice de la Passion, \u00e0 partager avec les ap\u00f4tres le martyre.<\/p>\n<p>Beno\u00eet XVI, pape de 2005 \u00e0 2013<br \/>\nAudience g\u00e9n\u00e9rale du 21\/6\/06 (trad. DC n\u00b0 2362 \u00a9 copyright Libreria Editrice Vaticana)<\/p>\n<p>&nbsp;<\/p>\n<p>&nbsp;<\/p>\n","protected":false},"excerpt":{"rendered":"<p>Jacques, fils de Z\u00e9b\u00e9d\u00e9e, appel\u00e9 aussi Jacques le Majeur, appartient, avec Pierre et Jean, au groupe des trois disciples privil\u00e9gi\u00e9s qui sont admis par J\u00e9sus \u00e0 assister \u00e0 des moments importants de sa vie. Il a pu participer, avec Pierre et Jean, au moment de l&rsquo;agonie de J\u00e9sus au jardin de Geths\u00e9mani et \u00e0 l&rsquo;\u00e9v\u00e9nement [&hellip;]<\/p>\n","protected":false},"author":2,"featured_media":0,"comment_status":"closed","ping_status":"closed","sticky":false,"template":"","format":"standard","meta":{"footnotes":""},"categories":[3,13,15,28],"tags":[84,777,1040,1149],"class_list":["post-11459","post","type-post","status-publish","format-standard","hentry","category-liturgique","category-ecritures","category-histoire","category-saints-et-saintes","tag-apotres","tag-passion","tag-st-jacques","tag-transfiguration"],"_links":{"self":[{"href":"https:\/\/www.associationdemarie.org\/blog\/wp-json\/wp\/v2\/posts\/11459","targetHints":{"allow":["GET"]}}],"collection":[{"href":"https:\/\/www.associationdemarie.org\/blog\/wp-json\/wp\/v2\/posts"}],"about":[{"href":"https:\/\/www.associationdemarie.org\/blog\/wp-json\/wp\/v2\/types\/post"}],"author":[{"embeddable":true,"href":"https:\/\/www.associationdemarie.org\/blog\/wp-json\/wp\/v2\/users\/2"}],"replies":[{"embeddable":true,"href":"https:\/\/www.associationdemarie.org\/blog\/wp-json\/wp\/v2\/comments?post=11459"}],"version-history":[{"count":1,"href":"https:\/\/www.associationdemarie.org\/blog\/wp-json\/wp\/v2\/posts\/11459\/revisions"}],"predecessor-version":[{"id":11461,"href":"https:\/\/www.associationdemarie.org\/blog\/wp-json\/wp\/v2\/posts\/11459\/revisions\/11461"}],"wp:attachment":[{"href":"https:\/\/www.associationdemarie.org\/blog\/wp-json\/wp\/v2\/media?parent=11459"}],"wp:term":[{"taxonomy":"category","embeddable":true,"href":"https:\/\/www.associationdemarie.org\/blog\/wp-json\/wp\/v2\/categories?post=11459"},{"taxonomy":"post_tag","embeddable":true,"href":"https:\/\/www.associationdemarie.org\/blog\/wp-json\/wp\/v2\/tags?post=11459"}],"curies":[{"name":"wp","href":"https:\/\/api.w.org\/{rel}","templated":true}]}}