{"id":11452,"date":"2015-07-23T01:12:42","date_gmt":"2015-07-23T00:12:42","guid":{"rendered":"http:\/\/www.associationdemarie.org\/blog\/?p=11452"},"modified":"2015-07-07T17:18:51","modified_gmt":"2015-07-07T16:18:51","slug":"fete-de-sainte-brigitte-de-suede-copatronne-de-leurope-2","status":"publish","type":"post","link":"https:\/\/www.associationdemarie.org\/blog\/fete-de-sainte-brigitte-de-suede-copatronne-de-leurope-2\/","title":{"rendered":"F\u00eate de sainte Brigitte de Su\u00e8de, copatronne de l&rsquo;Europe"},"content":{"rendered":"<p><a href=\"https:\/\/www.associationdemarie.org\/blog\/wp-content\/uploads\/2015\/07\/Ste-Brigitte-de-Su\u00e8de.jpg\"><img loading=\"lazy\" decoding=\"async\" class=\" size-full wp-image-11453 alignleft\" src=\"https:\/\/www.associationdemarie.org\/blog\/wp-content\/uploads\/2015\/07\/Ste-Brigitte-de-Su\u00e8de.jpg\" alt=\"Ste Brigitte de Su\u00e8de\" width=\"211\" height=\"320\" srcset=\"https:\/\/www.associationdemarie.org\/blog\/wp-content\/uploads\/2015\/07\/Ste-Brigitte-de-Su\u00e8de.jpg 211w, https:\/\/www.associationdemarie.org\/blog\/wp-content\/uploads\/2015\/07\/Ste-Brigitte-de-Su\u00e8de-198x300.jpg 198w\" sizes=\"auto, (max-width: 211px) 100vw, 211px\" \/><\/a><\/p>\n<p>B\u00e9ni sois-tu, J\u00e9sus Christ mon Seigneur, qui as pr\u00e9dit ta mort avant l&rsquo;heure ; qui, \u00e0 la derni\u00e8re C\u00e8ne, as merveilleusement consacr\u00e9 avec du pain mat\u00e9riel ton corps qui nous rach\u00e8te ; qui l&rsquo;as donn\u00e9 par amour aux ap\u00f4tres en m\u00e9moire de ta tr\u00e8s pr\u00e9cieuse Passion ; toi qui, en leur lavant les pieds de tes tr\u00e8s saintes et nobles mains, leur as donn\u00e9 humblement un mod\u00e8le d&rsquo;humilit\u00e9&#8230;.<\/p>\n<p>Louange \u00e9ternelle \u00e0 toi, J\u00e9sus Christ mon Seigneur, pour cette heure o\u00f9 tu as souffert sur la croix, pour nous p\u00e9cheurs, les plus grandes amertumes et les angoisses les plus extr\u00eames ; car les souffrances tr\u00e8s aigu\u00ebs de tes blessures atteignaient durement ton \u00e2me et transper\u00e7aient cruellement ton c\u0153ur sacr\u00e9 ; finalement ton c\u0153ur a \u00e9clat\u00e9, tu as rendu l&rsquo;esprit et, penchant la t\u00eate, tu t&rsquo;es remis humblement aux mains de Dieu ton P\u00e8re, et alors ton corps a connu le froid de la mort&#8230;<\/p>\n<p>B\u00e9ni sois-tu, J\u00e9sus Christ mon Seigneur, qui pour notre salut as permis que ton c\u00f4t\u00e9 et ton c\u0153ur soient perc\u00e9s par la lance, et qui as fait jaillir de ton c\u00f4t\u00e9 les flots de ton sang pr\u00e9cieux pour nous racheter.<\/p>\n<p>Gloire \u00e0 toi, J\u00e9sus Christ mon Seigneur, parce que tu as voulu que ton corps b\u00e9ni soit d\u00e9pos\u00e9 de la croix par tes amis et couch\u00e9 dans les bras de ta m\u00e8re tr\u00e8s douloureuse ; et parce que tu as permis qu&rsquo;elle l&rsquo;enveloppe de linges, qu&rsquo;il soit mis au tombeau et gard\u00e9 par des soldats.<\/p>\n<p>Honneur \u00e9ternel \u00e0 toi, J\u00e9sus Christ mon Seigneur, qui es ressuscit\u00e9 des morts le troisi\u00e8me jour ; qui t&rsquo;es manifest\u00e9 vivant aux t\u00e9moins de ton choix ; qui, apr\u00e8s quarante jours, es mont\u00e9 au ciel \u00e0 la vue de beaucoup, et qui y as \u00e9tabli avec honneur tes amis que tu avais d\u00e9livr\u00e9s des enfers.<\/p>\n<p>Jubilation et louange \u00e9ternelle \u00e0 toi, Seigneur J\u00e9sus Christ, qui as envoy\u00e9 le Saint Esprit dans le c\u0153ur de tes disciples et as d\u00e9velopp\u00e9 en eux un amour infini de Dieu.<\/p>\n<p>B\u00e9ni sois-tu, digne de louange et de gloire \u00e9ternellement, J\u00e9sus mon Seigneur, qui tr\u00f4nes en ton royaume c\u00e9leste dans la gloire de ta divinit\u00e9, vivant corporellement avec tes membres tr\u00e8s saints que tu as tir\u00e9s de la chair de la Vierge. Et c&rsquo;est ainsi que tu viendras au jour du jugement pour juger les \u00e2mes de tous, vivants et morts. Toi qui vis et r\u00e8gnes avec le P\u00e8re et l&rsquo;Esprit Saint pour les si\u00e8cles des si\u00e8cles. Amen.<\/p>\n<p>Sainte Brigitte de Su\u00e8de (v. 1303-1373), m\u00e8re de famille, puis religieuse, copatronne de l&rsquo;Europe<br \/>\nPri\u00e8re attribu\u00e9e \u00e0 sainte Brigitte (trad. br\u00e9viaire)<\/p>\n<p>&nbsp;<\/p>\n<p>&nbsp;<\/p>\n<p>&nbsp;<\/p>\n<p>&nbsp;<\/p>\n","protected":false},"excerpt":{"rendered":"<p>B\u00e9ni sois-tu, J\u00e9sus Christ mon Seigneur, qui as pr\u00e9dit ta mort avant l&rsquo;heure ; qui, \u00e0 la derni\u00e8re C\u00e8ne, as merveilleusement consacr\u00e9 avec du pain mat\u00e9riel ton corps qui nous rach\u00e8te ; qui l&rsquo;as donn\u00e9 par amour aux ap\u00f4tres en m\u00e9moire de ta tr\u00e8s pr\u00e9cieuse Passion ; toi qui, en leur lavant les pieds de [&hellip;]<\/p>\n","protected":false},"author":2,"featured_media":0,"comment_status":"closed","ping_status":"closed","sticky":false,"template":"","format":"standard","meta":{"footnotes":""},"categories":[3,28],"tags":[830,1088,1188],"class_list":["post-11452","post","type-post","status-publish","format-standard","hentry","category-liturgique","category-saints-et-saintes","tag-priere","tag-ste-brigitte","tag-vierge"],"_links":{"self":[{"href":"https:\/\/www.associationdemarie.org\/blog\/wp-json\/wp\/v2\/posts\/11452","targetHints":{"allow":["GET"]}}],"collection":[{"href":"https:\/\/www.associationdemarie.org\/blog\/wp-json\/wp\/v2\/posts"}],"about":[{"href":"https:\/\/www.associationdemarie.org\/blog\/wp-json\/wp\/v2\/types\/post"}],"author":[{"embeddable":true,"href":"https:\/\/www.associationdemarie.org\/blog\/wp-json\/wp\/v2\/users\/2"}],"replies":[{"embeddable":true,"href":"https:\/\/www.associationdemarie.org\/blog\/wp-json\/wp\/v2\/comments?post=11452"}],"version-history":[{"count":1,"href":"https:\/\/www.associationdemarie.org\/blog\/wp-json\/wp\/v2\/posts\/11452\/revisions"}],"predecessor-version":[{"id":11454,"href":"https:\/\/www.associationdemarie.org\/blog\/wp-json\/wp\/v2\/posts\/11452\/revisions\/11454"}],"wp:attachment":[{"href":"https:\/\/www.associationdemarie.org\/blog\/wp-json\/wp\/v2\/media?parent=11452"}],"wp:term":[{"taxonomy":"category","embeddable":true,"href":"https:\/\/www.associationdemarie.org\/blog\/wp-json\/wp\/v2\/categories?post=11452"},{"taxonomy":"post_tag","embeddable":true,"href":"https:\/\/www.associationdemarie.org\/blog\/wp-json\/wp\/v2\/tags?post=11452"}],"curies":[{"name":"wp","href":"https:\/\/api.w.org\/{rel}","templated":true}]}}