{"id":1145,"date":"2010-07-03T15:20:05","date_gmt":"2010-07-03T15:20:05","guid":{"rendered":"http:\/\/preprod.meltem-int.com\/marie\/blog\/?p=1145"},"modified":"2010-07-03T15:20:05","modified_gmt":"2010-07-03T15:20:05","slug":"les-lis-des-champs","status":"publish","type":"post","link":"https:\/\/www.associationdemarie.org\/blog\/les-lis-des-champs\/","title":{"rendered":"Les lys des champs"},"content":{"rendered":"<p><a href=\"https:\/\/www.associationdemarie.org\/blog\/wp-content\/uploads\/2010\/07\/Lys-des-champs.jpg\"><img loading=\"lazy\" decoding=\"async\" class=\"aligncenter size-medium wp-image-1146\" title=\"Lys des champs\" src=\"https:\/\/www.associationdemarie.org\/blog\/wp-content\/uploads\/2010\/07\/Lys-des-champs-300x225.jpg\" alt=\"\" width=\"300\" height=\"225\" srcset=\"https:\/\/www.associationdemarie.org\/blog\/wp-content\/uploads\/2010\/07\/Lys-des-champs-300x225.jpg 300w, https:\/\/www.associationdemarie.org\/blog\/wp-content\/uploads\/2010\/07\/Lys-des-champs.jpg 800w\" sizes=\"auto, (max-width: 300px) 100vw, 300px\" \/><\/a><\/p>\n<p><strong>\u00ab\u00a0Observez les lys des champs, comme ils poussent\u00a0: ils ne peinent ni ne filent. Or je vous dis que Salomon lui-m\u00eame, dans toute sa gloire, n\u2019a pas \u00e9t\u00e9 v\u00eatu comme l\u2019un d\u2019eux.\u00a0\u00bb<\/strong><\/p>\n<p>Mt 6, 28-29<\/p>\n","protected":false},"excerpt":{"rendered":"<p>\u00ab\u00a0Observez les lys des champs, comme ils poussent\u00a0: ils ne peinent ni ne filent. Or je vous dis que Salomon lui-m\u00eame, dans toute sa gloire, n\u2019a pas \u00e9t\u00e9 v\u00eatu comme l\u2019un d\u2019eux.\u00a0\u00bb Mt 6, 28-29<\/p>\n","protected":false},"author":2,"featured_media":0,"comment_status":"closed","ping_status":"closed","sticky":false,"template":"","format":"standard","meta":{"footnotes":""},"categories":[13,16],"tags":[149,605,709,948,1059],"class_list":["post-1145","post","type-post","status-publish","format-standard","hentry","category-ecritures","category-jardins-de-la-bible","tag-bible","tag-lys-des-champs","tag-nature","tag-salomon","tag-st-matthieu"],"_links":{"self":[{"href":"https:\/\/www.associationdemarie.org\/blog\/wp-json\/wp\/v2\/posts\/1145","targetHints":{"allow":["GET"]}}],"collection":[{"href":"https:\/\/www.associationdemarie.org\/blog\/wp-json\/wp\/v2\/posts"}],"about":[{"href":"https:\/\/www.associationdemarie.org\/blog\/wp-json\/wp\/v2\/types\/post"}],"author":[{"embeddable":true,"href":"https:\/\/www.associationdemarie.org\/blog\/wp-json\/wp\/v2\/users\/2"}],"replies":[{"embeddable":true,"href":"https:\/\/www.associationdemarie.org\/blog\/wp-json\/wp\/v2\/comments?post=1145"}],"version-history":[{"count":0,"href":"https:\/\/www.associationdemarie.org\/blog\/wp-json\/wp\/v2\/posts\/1145\/revisions"}],"wp:attachment":[{"href":"https:\/\/www.associationdemarie.org\/blog\/wp-json\/wp\/v2\/media?parent=1145"}],"wp:term":[{"taxonomy":"category","embeddable":true,"href":"https:\/\/www.associationdemarie.org\/blog\/wp-json\/wp\/v2\/categories?post=1145"},{"taxonomy":"post_tag","embeddable":true,"href":"https:\/\/www.associationdemarie.org\/blog\/wp-json\/wp\/v2\/tags?post=1145"}],"curies":[{"name":"wp","href":"https:\/\/api.w.org\/{rel}","templated":true}]}}