{"id":11435,"date":"2015-07-18T01:21:03","date_gmt":"2015-07-18T00:21:03","guid":{"rendered":"http:\/\/www.associationdemarie.org\/blog\/?p=11435"},"modified":"2015-07-03T05:28:22","modified_gmt":"2015-07-03T04:28:22","slug":"la-priere-gratuite","status":"publish","type":"post","link":"https:\/\/www.associationdemarie.org\/blog\/la-priere-gratuite\/","title":{"rendered":"La pri\u00e8re gratuite"},"content":{"rendered":"<p><a href=\"https:\/\/www.associationdemarie.org\/blog\/wp-content\/uploads\/2015\/07\/priere_celtique_paix.jpg\"><img loading=\"lazy\" decoding=\"async\" class=\"aligncenter size-full wp-image-11436\" src=\"https:\/\/www.associationdemarie.org\/blog\/wp-content\/uploads\/2015\/07\/priere_celtique_paix.jpg\" alt=\"priere_celtique_paix\" width=\"340\" height=\"425\" srcset=\"https:\/\/www.associationdemarie.org\/blog\/wp-content\/uploads\/2015\/07\/priere_celtique_paix.jpg 340w, https:\/\/www.associationdemarie.org\/blog\/wp-content\/uploads\/2015\/07\/priere_celtique_paix-240x300.jpg 240w\" sizes=\"auto, (max-width: 340px) 100vw, 340px\" \/><\/a><\/p>\n<p>Fruit et pri\u00e8re sont les mots-cl\u00e9s de l&rsquo;\u00c9vangile. (&#8230;)<br \/>\nIl y a des gens qui ne prient presque jamais et, lorsqu&rsquo;ils le font, c&rsquo;est en esp\u00e9rant que Dieu pourra r\u00e9soudre pour eux un probl\u00e8me si compliqu\u00e9 qu&rsquo;ils ne voient pas de solution. Et ils justifient leur attitude par les paroles de J\u00e9sus: \u00abtout ce que vous demandez dans la pri\u00e8re, croyez que vous l&rsquo;avez d\u00e9j\u00e0 re\u00e7u, cela vous sera accord\u00e9\u00bb (Mc 11,24). Ils ont raison. Il est tr\u00e8s humain, compr\u00e9hensible et l\u00e9gitime que, devant des probl\u00e8mes qui nous d\u00e9passent, nous fassions confiance \u00e0 Dieu, \u00e0 une force sup\u00e9rieure \u00e0 la n\u00f4tre.<br \/>\nMais il faut ajouter que toute pri\u00e8re est \u201cinutile\u201d, (\u00abvotre P\u00e8re sait de quoi vous avez besoin avant m\u00eame que vous l&rsquo;ayez demand\u00e9\u00bb: Mt 6,8), en ce sens qu&rsquo;elle n&rsquo;a pas d&rsquo;utilit\u00e9 pratique directe, comme \u2014par exemple\u2014 celle d&rsquo;allumer une lumi\u00e8re. Nous ne recevons rien en \u00e9change de notre pri\u00e8re, parce que tout ce que nous recevons de Dieu est gr\u00e2ce pour gr\u00e2ce.<br \/>\nAlors, faut-il prier? Certainement, car c&rsquo;est maintenant que nous savons que nous recevons la gr\u00e2ce, que la pri\u00e8re a le plus de valeur: parce qu&rsquo;elle est \u201cinutile\u201d et \u201cgratuite\u201d. En plus, la pri\u00e8re de demande nous apporte trois bienfaits: la paix int\u00e9rieure (rencontrer J\u00e9sus, notre ami, et avoir confiance en Dieu, c&rsquo;est relaxant); r\u00e9fl\u00e9chir, rationaliser un probl\u00e8me et savoir comment le pr\u00e9senter, c&rsquo;est l&rsquo;avoir presque r\u00e9solu; enfin, la pri\u00e8re nous aide \u00e0 distinguer entre ce qui est bon et ce qui n\u2019est peut-\u00eatre qu&rsquo;un caprice. Alors, apr\u00e8s-coup, nous comprendrons avec les yeux de la foi ce que J\u00e9sus nous dit: \u00abTout ce que vous demanderez en invoquant mon nom, je le ferai, afin que le P\u00e8re soit glorifi\u00e9 dans le Fils\u00bb (Jn 14,13).<\/p>\n<p>Abb\u00e9 Agust\u00ed BOADAS Llavat OFM (Barcelone, Espagne)<br \/>\nevangeli.net<\/p>\n","protected":false},"excerpt":{"rendered":"<p>Fruit et pri\u00e8re sont les mots-cl\u00e9s de l&rsquo;\u00c9vangile. (&#8230;) Il y a des gens qui ne prient presque jamais et, lorsqu&rsquo;ils le font, c&rsquo;est en esp\u00e9rant que Dieu pourra r\u00e9soudre pour eux un probl\u00e8me si compliqu\u00e9 qu&rsquo;ils ne voient pas de solution. Et ils justifient leur attitude par les paroles de J\u00e9sus: \u00abtout ce que [&hellip;]<\/p>\n","protected":false},"author":2,"featured_media":0,"comment_status":"closed","ping_status":"closed","sticky":false,"template":"","format":"standard","meta":{"footnotes":""},"categories":[26,27],"tags":[389,830],"class_list":["post-11435","post","type-post","status-publish","format-standard","hentry","category-priere-des-ames","category-prieres","tag-evangile","tag-priere"],"_links":{"self":[{"href":"https:\/\/www.associationdemarie.org\/blog\/wp-json\/wp\/v2\/posts\/11435","targetHints":{"allow":["GET"]}}],"collection":[{"href":"https:\/\/www.associationdemarie.org\/blog\/wp-json\/wp\/v2\/posts"}],"about":[{"href":"https:\/\/www.associationdemarie.org\/blog\/wp-json\/wp\/v2\/types\/post"}],"author":[{"embeddable":true,"href":"https:\/\/www.associationdemarie.org\/blog\/wp-json\/wp\/v2\/users\/2"}],"replies":[{"embeddable":true,"href":"https:\/\/www.associationdemarie.org\/blog\/wp-json\/wp\/v2\/comments?post=11435"}],"version-history":[{"count":1,"href":"https:\/\/www.associationdemarie.org\/blog\/wp-json\/wp\/v2\/posts\/11435\/revisions"}],"predecessor-version":[{"id":11437,"href":"https:\/\/www.associationdemarie.org\/blog\/wp-json\/wp\/v2\/posts\/11435\/revisions\/11437"}],"wp:attachment":[{"href":"https:\/\/www.associationdemarie.org\/blog\/wp-json\/wp\/v2\/media?parent=11435"}],"wp:term":[{"taxonomy":"category","embeddable":true,"href":"https:\/\/www.associationdemarie.org\/blog\/wp-json\/wp\/v2\/categories?post=11435"},{"taxonomy":"post_tag","embeddable":true,"href":"https:\/\/www.associationdemarie.org\/blog\/wp-json\/wp\/v2\/tags?post=11435"}],"curies":[{"name":"wp","href":"https:\/\/api.w.org\/{rel}","templated":true}]}}