{"id":11405,"date":"2015-07-10T01:21:10","date_gmt":"2015-07-10T00:21:10","guid":{"rendered":"http:\/\/www.associationdemarie.org\/blog\/?p=11405"},"modified":"2015-06-28T08:25:03","modified_gmt":"2015-06-28T07:25:03","slug":"le-serviteur-nest-pas-plus-grand-que-son-maitre-jn-1520","status":"publish","type":"post","link":"https:\/\/www.associationdemarie.org\/blog\/le-serviteur-nest-pas-plus-grand-que-son-maitre-jn-1520\/","title":{"rendered":"\u00ab Le serviteur n&rsquo;est pas plus grand que son ma\u00eetre. \u00bb (Jn 15,20)"},"content":{"rendered":"<p><a href=\"https:\/\/www.associationdemarie.org\/blog\/wp-content\/uploads\/2015\/06\/Fouquet_Jean.jpg\"><img loading=\"lazy\" decoding=\"async\" class=\"alignleft  wp-image-11406\" src=\"https:\/\/www.associationdemarie.org\/blog\/wp-content\/uploads\/2015\/06\/Fouquet_Jean.jpg\" alt=\"Fouquet_Jean\" width=\"189\" height=\"291\" srcset=\"https:\/\/www.associationdemarie.org\/blog\/wp-content\/uploads\/2015\/06\/Fouquet_Jean.jpg 552w, https:\/\/www.associationdemarie.org\/blog\/wp-content\/uploads\/2015\/06\/Fouquet_Jean-195x300.jpg 195w\" sizes=\"auto, (max-width: 189px) 100vw, 189px\" \/><\/a><\/p>\n<p>J\u00e9sus a \u00e9t\u00e9 pers\u00e9cut\u00e9 comme les justes [de l&rsquo;Ancien Testament] ont \u00e9t\u00e9 pers\u00e9cut\u00e9s, afin que soient consol\u00e9s les pers\u00e9cut\u00e9s d&rsquo;aujourd&rsquo;hui, eux qui sont pers\u00e9cut\u00e9s \u00e0 cause de J\u00e9sus pers\u00e9cut\u00e9. Car il nous a \u00e9crit et nous a lui-m\u00eame rendu c\u0153ur : \u00ab S&rsquo;ils m&rsquo;ont pers\u00e9cut\u00e9, ils vous pers\u00e9cuteront vous aussi. Puisqu&rsquo;ils vous pers\u00e9cutent, c&rsquo;est que vous n&rsquo;\u00eates pas du monde, comme moi je n&rsquo;en suis pas \u00bb (Jn 15,19-20 ;17,14). Auparavant en effet, il nous avait \u00e9crit : \u00ab Vos p\u00e8res vous livreront, vos fr\u00e8res et vos parents, tout le monde vous prendra en haine \u00e0 cause de mon nom \u00bb. Il nous a encore enseign\u00e9 : \u00ab Lorsqu&rsquo;ils vous feront compara\u00eetre devant les chefs, devant les magistrats et devant les rois qui tiennent le monde, ne vous creusez pas la t\u00eate auparavant pour ce que vous devrez dire, comment vous pourrez r\u00e9pondre : c&rsquo;est moi qui vous donnerai une bouche et une sagesse telle que vos adversaires ne pourront vous vaincre, car ce n&rsquo;est pas vous qui parlerez, mais l&rsquo;Esprit de votre P\u00e8re, lui, parlera pour vous \u00bb.<\/p>\n<p>C&rsquo;est cet Esprit qui a parl\u00e9 par la bouche de Jacob \u00e0 \u00c9sa\u00fc son pers\u00e9cuteur ; l&rsquo;Esprit de sagesse qui a parl\u00e9 devant Pharaon par la bouche de Joseph pers\u00e9cut\u00e9 ; l&rsquo;Esprit qui a parl\u00e9 par la bouche de Mo\u00efse en tous les miracles qu&rsquo;il a fait au pays d&rsquo;\u00c9gypte&#8230; ; l&rsquo;Esprit qui chantait par la bouche de David pers\u00e9cut\u00e9, c&rsquo;est par lui qu&rsquo;il chantait pour soulager du mauvais esprit Sa\u00fcl son pers\u00e9cuteur ; l&rsquo;Esprit qui avait rev\u00eatu \u00c9lie, avec lequel il a r\u00e9primand\u00e9 J\u00e9zabel et Achab son pers\u00e9cuteur&#8230; ; l&rsquo;Esprit qui a r\u00e9confort\u00e9 J\u00e9r\u00e9mie, et il s&rsquo;est tenu debout, audacieusement, pour r\u00e9primander S\u00e9d\u00e9cias ; l&rsquo;Esprit qui a gard\u00e9 Daniel et ses fr\u00e8res au pays de Babylone ; ce m\u00eame Esprit qui a sauvegard\u00e9 Mardoch\u00e9e et Esther dans le pays de leur captivit\u00e9.<\/p>\n<p>\u00c9coute, mon ami, les noms des martyrs, des confesseurs et des pers\u00e9cut\u00e9s : Abel, Jacob, Joseph, Mo\u00efse, Josu\u00e9, Jepht\u00e9, Samson, G\u00e9d\u00e9on et Baraq, David, Samuel, Ezechias, \u00c9lie, Elis\u00e9e, Mich\u00e9e, J\u00e9r\u00e9mie, Daniel, Ananias et ses fr\u00e8res, Judas Maccab\u00e9e et ses fr\u00e8res&#8230; Mais le martyre de J\u00e9sus a \u00e9t\u00e9 le plus grand et le meilleur : il a surpass\u00e9 en tribulation et en confession tous ceux d&rsquo;autrefois et tous ceux \u00e0 venir.<\/p>\n<p>Aphraate (?-v. 345), moine et \u00e9v\u00eaque pr\u00e8s de Mossoul<br \/>\nLes Expos\u00e9s, n\u00b0 21 (trad. SC 359, p. 835s)<\/p>\n<p>&nbsp;<\/p>\n<p>&nbsp;<\/p>\n<p>&nbsp;<\/p>\n","protected":false},"excerpt":{"rendered":"<p>J\u00e9sus a \u00e9t\u00e9 pers\u00e9cut\u00e9 comme les justes [de l&rsquo;Ancien Testament] ont \u00e9t\u00e9 pers\u00e9cut\u00e9s, afin que soient consol\u00e9s les pers\u00e9cut\u00e9s d&rsquo;aujourd&rsquo;hui, eux qui sont pers\u00e9cut\u00e9s \u00e0 cause de J\u00e9sus pers\u00e9cut\u00e9. Car il nous a \u00e9crit et nous a lui-m\u00eame rendu c\u0153ur : \u00ab S&rsquo;ils m&rsquo;ont pers\u00e9cut\u00e9, ils vous pers\u00e9cuteront vous aussi. Puisqu&rsquo;ils vous pers\u00e9cutent, c&rsquo;est que [&hellip;]<\/p>\n","protected":false},"author":2,"featured_media":0,"comment_status":"closed","ping_status":"closed","sticky":false,"template":"","format":"standard","meta":{"footnotes":""},"categories":[3,13,1261,15,28],"tags":[1382,378,535,647],"class_list":["post-11405","post","type-post","status-publish","format-standard","hentry","category-liturgique","category-ecritures","category-enseignement-2","category-histoire","category-saints-et-saintes","tag-ecritures","tag-esprit-saint","tag-jesus","tag-martyr"],"_links":{"self":[{"href":"https:\/\/www.associationdemarie.org\/blog\/wp-json\/wp\/v2\/posts\/11405","targetHints":{"allow":["GET"]}}],"collection":[{"href":"https:\/\/www.associationdemarie.org\/blog\/wp-json\/wp\/v2\/posts"}],"about":[{"href":"https:\/\/www.associationdemarie.org\/blog\/wp-json\/wp\/v2\/types\/post"}],"author":[{"embeddable":true,"href":"https:\/\/www.associationdemarie.org\/blog\/wp-json\/wp\/v2\/users\/2"}],"replies":[{"embeddable":true,"href":"https:\/\/www.associationdemarie.org\/blog\/wp-json\/wp\/v2\/comments?post=11405"}],"version-history":[{"count":1,"href":"https:\/\/www.associationdemarie.org\/blog\/wp-json\/wp\/v2\/posts\/11405\/revisions"}],"predecessor-version":[{"id":11407,"href":"https:\/\/www.associationdemarie.org\/blog\/wp-json\/wp\/v2\/posts\/11405\/revisions\/11407"}],"wp:attachment":[{"href":"https:\/\/www.associationdemarie.org\/blog\/wp-json\/wp\/v2\/media?parent=11405"}],"wp:term":[{"taxonomy":"category","embeddable":true,"href":"https:\/\/www.associationdemarie.org\/blog\/wp-json\/wp\/v2\/categories?post=11405"},{"taxonomy":"post_tag","embeddable":true,"href":"https:\/\/www.associationdemarie.org\/blog\/wp-json\/wp\/v2\/tags?post=11405"}],"curies":[{"name":"wp","href":"https:\/\/api.w.org\/{rel}","templated":true}]}}