{"id":11402,"date":"2015-07-09T01:16:58","date_gmt":"2015-07-09T00:16:58","guid":{"rendered":"http:\/\/www.associationdemarie.org\/blog\/?p=11402"},"modified":"2015-06-28T08:19:38","modified_gmt":"2015-06-28T07:19:38","slug":"laudato-si","status":"publish","type":"post","link":"https:\/\/www.associationdemarie.org\/blog\/laudato-si\/","title":{"rendered":"Laudato si"},"content":{"rendered":"<p><a href=\"https:\/\/www.associationdemarie.org\/blog\/wp-content\/uploads\/2015\/06\/creation1.jpg\"><img loading=\"lazy\" decoding=\"async\" class=\"aligncenter  wp-image-11403\" src=\"https:\/\/www.associationdemarie.org\/blog\/wp-content\/uploads\/2015\/06\/creation1.jpg\" alt=\"creation1\" width=\"487\" height=\"319\" srcset=\"https:\/\/www.associationdemarie.org\/blog\/wp-content\/uploads\/2015\/06\/creation1.jpg 563w, https:\/\/www.associationdemarie.org\/blog\/wp-content\/uploads\/2015\/06\/creation1-300x197.jpg 300w\" sizes=\"auto, (max-width: 487px) 100vw, 487px\" \/><\/a><\/p>\n<p>(&#8230;) Cette fois, nous sommes plus que jamais au pied du mur?: il s\u2019agit d\u2019embrasser dans un m\u00eame mouvement l\u2019avenir de la plan\u00e8te et celui de la communaut\u00e9 des hommes. Leur maison Terre est en feu. Ils doivent s\u2019emparer de son destin, pour que le leur continue.<br \/>\n(&#8230;) Tous les membres de la famille humaine sont d\u00e9sormais dans le m\u00eame bateau. La d\u00e9gradation visible et invisible de la plan\u00e8te menace jusqu\u2019\u00e0 sa survie. Il est temps de regarder les choses en face et d\u2019organiser le sauvetage, au plan mondial.<br \/>\n(&#8230;) Contemplation, admiration, communaut\u00e9\u2026 En listant les cl\u00e9s rafra\u00eechissantes propres \u00e0 nous sortir de l\u2019impasse, le pape Fran\u00e7ois nous aide \u00e0 prendre de la hauteur, et nous donne des forces pour changer. Nul esprit de fatalit\u00e9 dans ces pages, mais une solide confiance dans la cr\u00e9ativit\u00e9 de l\u2019amour. L\u2019humanit\u00e9 confront\u00e9e aux limites de sa maison commune est capable d\u2019int\u00e9rioriser les exigences d\u2019une fraternit\u00e9 universelle. Dieu aidant. C\u2019est l\u00e0 que se situe toute la diff\u00e9rence entre cette encyclique et les alertes d\u00e9sesp\u00e9r\u00e9es qui risquent de t\u00e9taniser plus que de mobiliser. C\u2019est \u00e0 partir de l\u2019\u00e9merveillement pour la beaut\u00e9 de la cr\u00e9ation, en puisant ses forces dans la transcendance, et dans le Christ qui r\u00e9capitule toute la Cr\u00e9ation, que sera trouv\u00e9 le ressort du changement. Il est spirituel. Ce suppl\u00e9ment d\u2019\u00e2me est indispensable pour accueillir joyeusement la perspective d\u2019une sobri\u00e9t\u00e9 heureuse et partag\u00e9e.<\/p>\n<p>Tugdual Derville?, ?co-initiateur du Courant pour une \u00c9cologie Humaine<br \/>\n\u00ab\u00a0Laudato Si, un douloureux \u00e9blouissement?\u00a0\u00bb (extraits)<br \/>\nfamillechretienne.fr 18\/06\/2015<\/p>\n<p>* \u00ab Lou\u00e9 sois-tu \u00bb, encyclique du pape Fran\u00e7ois sur l\u2019\u00e9cologie. Bayard, Cerf, Mame, pour l\u2019\u00e9dition officielle de la Conf\u00e9rence des \u00e9v\u00eaques de France.<\/p>\n<p>&nbsp;<\/p>\n","protected":false},"excerpt":{"rendered":"<p>(&#8230;) Cette fois, nous sommes plus que jamais au pied du mur?: il s\u2019agit d\u2019embrasser dans un m\u00eame mouvement l\u2019avenir de la plan\u00e8te et celui de la communaut\u00e9 des hommes. Leur maison Terre est en feu. Ils doivent s\u2019emparer de son destin, pour que le leur continue. (&#8230;) Tous les membres de la famille humaine [&hellip;]<\/p>\n","protected":false},"author":2,"featured_media":0,"comment_status":"closed","ping_status":"closed","sticky":false,"template":"","format":"standard","meta":{"footnotes":""},"categories":[2,1261,16],"tags":[220,269,1243,336,485,1347,709,1135],"class_list":["post-11402","post","type-post","status-publish","format-standard","hentry","category-actualites","category-enseignement-2","category-jardins-de-la-bible","tag-christ","tag-creation","tag-ecologie","tag-eglise","tag-humanite","tag-laudato-si","tag-nature","tag-terre"],"_links":{"self":[{"href":"https:\/\/www.associationdemarie.org\/blog\/wp-json\/wp\/v2\/posts\/11402","targetHints":{"allow":["GET"]}}],"collection":[{"href":"https:\/\/www.associationdemarie.org\/blog\/wp-json\/wp\/v2\/posts"}],"about":[{"href":"https:\/\/www.associationdemarie.org\/blog\/wp-json\/wp\/v2\/types\/post"}],"author":[{"embeddable":true,"href":"https:\/\/www.associationdemarie.org\/blog\/wp-json\/wp\/v2\/users\/2"}],"replies":[{"embeddable":true,"href":"https:\/\/www.associationdemarie.org\/blog\/wp-json\/wp\/v2\/comments?post=11402"}],"version-history":[{"count":1,"href":"https:\/\/www.associationdemarie.org\/blog\/wp-json\/wp\/v2\/posts\/11402\/revisions"}],"predecessor-version":[{"id":11404,"href":"https:\/\/www.associationdemarie.org\/blog\/wp-json\/wp\/v2\/posts\/11402\/revisions\/11404"}],"wp:attachment":[{"href":"https:\/\/www.associationdemarie.org\/blog\/wp-json\/wp\/v2\/media?parent=11402"}],"wp:term":[{"taxonomy":"category","embeddable":true,"href":"https:\/\/www.associationdemarie.org\/blog\/wp-json\/wp\/v2\/categories?post=11402"},{"taxonomy":"post_tag","embeddable":true,"href":"https:\/\/www.associationdemarie.org\/blog\/wp-json\/wp\/v2\/tags?post=11402"}],"curies":[{"name":"wp","href":"https:\/\/api.w.org\/{rel}","templated":true}]}}