{"id":11369,"date":"2015-07-03T01:33:38","date_gmt":"2015-07-03T00:33:38","guid":{"rendered":"http:\/\/www.associationdemarie.org\/blog\/?p=11369"},"modified":"2015-06-18T17:36:06","modified_gmt":"2015-06-18T16:36:06","slug":"st-thomas-apotre-ier-s","status":"publish","type":"post","link":"https:\/\/www.associationdemarie.org\/blog\/st-thomas-apotre-ier-s\/","title":{"rendered":"St Thomas, ap\u00f4tre (Ier s.)"},"content":{"rendered":"<p><a href=\"https:\/\/www.associationdemarie.org\/blog\/wp-content\/uploads\/2015\/06\/San_Tommaso_Q.jpg\"><img loading=\"lazy\" decoding=\"async\" class=\"aligncenter  wp-image-11370\" src=\"https:\/\/www.associationdemarie.org\/blog\/wp-content\/uploads\/2015\/06\/San_Tommaso_Q.jpg\" alt=\"San_Tommaso_Q\" width=\"451\" height=\"329\" srcset=\"https:\/\/www.associationdemarie.org\/blog\/wp-content\/uploads\/2015\/06\/San_Tommaso_Q.jpg 658w, https:\/\/www.associationdemarie.org\/blog\/wp-content\/uploads\/2015\/06\/San_Tommaso_Q-300x219.jpg 300w\" sizes=\"auto, (max-width: 451px) 100vw, 451px\" \/><\/a><\/p>\n<p>Thomas \u00e9tait probablement originaire d&rsquo;une pauvre famille de Galil\u00e9e. Il \u00e9tait d\u00e9pourvu de connaissances humaines, mais d&rsquo;un esprit r\u00e9fl\u00e9chi et d&rsquo;une volont\u00e9 ferme jusqu&rsquo;\u00e0 l&rsquo;obstination ; d&rsquo;autre part, il avait du c\u0153ur et du d\u00e9vouement. Ces deux caract\u00e8res de sa personnalit\u00e9 paraissent en deux paroles que l&rsquo;\u00c9vangile cite de lui.<br \/>\nPeu avant sa Passion, J\u00e9sus veut retourner en Jud\u00e9e ; les Ap\u00f4tres lui rappellent les menaces de ses ennemis. Thomas seul s&rsquo;\u00e9crie : \u00ab Eh bien ! Allons et mourons avec lui ! \u00bb Voil\u00e0 le d\u00e9vouement du c\u0153ur de l&rsquo;Ap\u00f4tre.<br \/>\nApr\u00e8s sa r\u00e9surrection, le Sauveur \u00e9tait apparu \u00e0 plusieurs de ses disciples, en l&rsquo;absence de Thomas. Quand, \u00e0 son retour, on lui raconta cette apparition, il fut si \u00e9tonn\u00e9 d&rsquo;une telle merveille, qu&rsquo;il en douta et dit vivement : \u00ab Je ne le croirai pas avant d&rsquo;avoir mis mes doigts dans ses plaies. \u00bb Voil\u00e0 le second caract\u00e8re de Thomas, esprit trop raisonneur. Mais son premier mouvement d&rsquo;h\u00e9sitation, en chose si grave, ne fut pas un crime et le bon Sauveur r\u00e9pondit \u00e0 son d\u00e9fi. Que fit alors Thomas ? Nous le savons ; un cri du c\u0153ur s&rsquo;\u00e9chappa de ses l\u00e8vres : \u00ab Mon Seigneur et mon Dieu ! \u00bb Dieu permit l&rsquo;h\u00e9sitation de cet Ap\u00f4tre pour donner aux esprits difficiles une preuve de plus en faveur de la r\u00e9surrection de J\u00e9sus-Christ.<\/p>\n<p>Saint Augustin attribue \u00e0 saint Thomas, parmi les douze articles du Symbole, celui qui concerna la R\u00e9surrection. Quand les Ap\u00f4tres se partag\u00e8rent le monde, les pays des Parthes et des Perses et les Indes furent le vaste lot de son apostolat. La tradition pr\u00e9tend qu&rsquo;il rencontra les mages, les premiers adorateurs de J\u00e9sus parmi les Gentils, qu&rsquo;il les instruisit, leur donna le Bapt\u00eame et les associa \u00e0 son minist\u00e8re. Partout, sur son passage, l&rsquo;Ap\u00f4tre \u00e9tablissait des chr\u00e9tient\u00e9s, ordonnait des pr\u00eatres, consacrait des \u00e9v\u00eaques.<\/p>\n<p>Quand au XIVe si\u00e8cle, les Europ\u00e9ens s&#8217;empar\u00e8rent des Indes orientales, ils trouv\u00e8rent dans les traditions des peuples de ce vaste pays des souvenirs chr\u00e9tiens, et en particulier celui de saint Thomas. Un miracle de l&rsquo;Ap\u00f4tre, tra\u00eenant avec un faible lien une poutre \u00e9norme que les \u00e9l\u00e9phants n&rsquo;avaient pu remuer, fut l&rsquo;occasion d&rsquo;innombrables conversions. Cependant les pr\u00eatres des faux dieux, jaloux de tant de succ\u00e8s, jur\u00e8rent la mort de l&rsquo;Ap\u00f4tre ; il aurait \u00e9t\u00e9 perc\u00e9 d&rsquo;une lance devant une Croix o\u00f9 il priait.<\/p>\n<p style=\"text-align: center;\">Pour approfondir, lire la Cat\u00e9ch\u00e8se du Pape Beno\u00eet XVI :<br \/>\n&gt;&gt;&gt; Thomas<br \/>\n[Allemand, Anglais, Croate, Espagnol, Fran\u00e7ais, Italien, Portugais]<\/p>\n<p>Abb\u00e9 L. Jaud, Vie des Saints pour tous les jours de l&rsquo;ann\u00e9e, Tours, Mame, 1950 (\u00ab R\u00e9v. x gpm \u00bb).<\/p>\n<p>&nbsp;<\/p>\n<p>&nbsp;<\/p>\n<p>&nbsp;<\/p>\n<p>&nbsp;<\/p>\n","protected":false},"excerpt":{"rendered":"<p>Thomas \u00e9tait probablement originaire d&rsquo;une pauvre famille de Galil\u00e9e. Il \u00e9tait d\u00e9pourvu de connaissances humaines, mais d&rsquo;un esprit r\u00e9fl\u00e9chi et d&rsquo;une volont\u00e9 ferme jusqu&rsquo;\u00e0 l&rsquo;obstination ; d&rsquo;autre part, il avait du c\u0153ur et du d\u00e9vouement. Ces deux caract\u00e8res de sa personnalit\u00e9 paraissent en deux paroles que l&rsquo;\u00c9vangile cite de lui. Peu avant sa Passion, J\u00e9sus [&hellip;]<\/p>\n","protected":false},"author":2,"featured_media":0,"comment_status":"closed","ping_status":"closed","sticky":false,"template":"","format":"standard","meta":{"footnotes":""},"categories":[3,13,15,28],"tags":[142,389,425,1081],"class_list":["post-11369","post","type-post","status-publish","format-standard","hentry","category-liturgique","category-ecritures","category-histoire","category-saints-et-saintes","tag-benoit-16","tag-evangile","tag-foi","tag-st-thomas"],"_links":{"self":[{"href":"https:\/\/www.associationdemarie.org\/blog\/wp-json\/wp\/v2\/posts\/11369","targetHints":{"allow":["GET"]}}],"collection":[{"href":"https:\/\/www.associationdemarie.org\/blog\/wp-json\/wp\/v2\/posts"}],"about":[{"href":"https:\/\/www.associationdemarie.org\/blog\/wp-json\/wp\/v2\/types\/post"}],"author":[{"embeddable":true,"href":"https:\/\/www.associationdemarie.org\/blog\/wp-json\/wp\/v2\/users\/2"}],"replies":[{"embeddable":true,"href":"https:\/\/www.associationdemarie.org\/blog\/wp-json\/wp\/v2\/comments?post=11369"}],"version-history":[{"count":1,"href":"https:\/\/www.associationdemarie.org\/blog\/wp-json\/wp\/v2\/posts\/11369\/revisions"}],"predecessor-version":[{"id":11371,"href":"https:\/\/www.associationdemarie.org\/blog\/wp-json\/wp\/v2\/posts\/11369\/revisions\/11371"}],"wp:attachment":[{"href":"https:\/\/www.associationdemarie.org\/blog\/wp-json\/wp\/v2\/media?parent=11369"}],"wp:term":[{"taxonomy":"category","embeddable":true,"href":"https:\/\/www.associationdemarie.org\/blog\/wp-json\/wp\/v2\/categories?post=11369"},{"taxonomy":"post_tag","embeddable":true,"href":"https:\/\/www.associationdemarie.org\/blog\/wp-json\/wp\/v2\/tags?post=11369"}],"curies":[{"name":"wp","href":"https:\/\/api.w.org\/{rel}","templated":true}]}}