{"id":1130,"date":"2010-06-29T01:29:59","date_gmt":"2010-06-29T01:29:59","guid":{"rendered":"http:\/\/preprod.meltem-int.com\/marie\/blog\/?p=1130"},"modified":"2010-06-29T01:29:59","modified_gmt":"2010-06-29T01:29:59","slug":"fete-de-st-pierre-et-st-paul","status":"publish","type":"post","link":"https:\/\/www.associationdemarie.org\/blog\/fete-de-st-pierre-et-st-paul\/","title":{"rendered":"F\u00eate de St Pierre et St Paul"},"content":{"rendered":"<p><a href=\"https:\/\/www.associationdemarie.org\/blog\/wp-content\/uploads\/2010\/06\/pierre-et-paul.jpg\"><img loading=\"lazy\" decoding=\"async\" class=\"alignleft size-full wp-image-1131\" title=\"pierre-et-paul\" src=\"https:\/\/www.associationdemarie.org\/blog\/wp-content\/uploads\/2010\/06\/pierre-et-paul.jpg\" alt=\"\" width=\"245\" height=\"300\" \/><\/a>Le 29 juin est l\u2019une des plus grandes f\u00eates de l\u2019ann\u00e9e liturgique. C\u2019est celle des Ap\u00f4tres Pierre et Paul. Elle est m\u00eame \u00e9lev\u00e9e au rang de solennit\u00e9, privil\u00e8ge rarissime habituellement r\u00e9serv\u00e9\u00a0aux f\u00eates c\u00e9l\u00e9brant le Christ ou la Vierge Marie. Mais ceci s\u2019explique fort bien puisque Pierre et Paul, les fondateurs de l\u2019\u00c9glise, sont les deux colonnes de l\u2019\u00c9glise.<\/p>\n<p>Ils ont subi le martyre \u00e0 Rome, sous l\u2019empereur N\u00e9ron, probablement en l\u2019an 64 pour Pierre, et en 67 pour Paul, au cours de la pers\u00e9cution qui se d\u00e9chaina contre les chr\u00e9tiens qu\u2019il accusa d\u2019avoir br\u00fbl\u00e9 Rome.<\/p>\n<p>On v\u00e9n\u00e8re leurs tombes sur la colline du Vatican dans la Basilique qui porte son nom pour Pierre et sur la route d\u2019Ostie, dans la basilique Saint Paul-hors-les-Murs pour Paul, les basiliques majeures les plus importantes de la chr\u00e9tient\u00e9 avec Sainte Marie Majeure et Saint Jean-de-Latran, que tout p\u00e8lerin doit visiter. L\u2019\u00c9glise ne les s\u00e9pare jamais dans le culte qu\u2019elle leur rend. \u00a0\u00bb\u00a0<em>Souviens-toi des ap\u00f4tres Pierre et Paul<\/em> \u00ab\u00a0, prie-t-elle au canon de la Messe, \u00a0\u00bb\u00a0 saints ap\u00f4tres Pierre et Paul, priez pour nous\u00a0\u00a0\u00bb implorons-nous dans la Litanie des Saints.<\/p>\n","protected":false},"excerpt":{"rendered":"<p>Le 29 juin est l\u2019une des plus grandes f\u00eates de l\u2019ann\u00e9e liturgique. C\u2019est celle des Ap\u00f4tres Pierre et Paul. Elle est m\u00eame \u00e9lev\u00e9e au rang de solennit\u00e9, privil\u00e8ge rarissime habituellement r\u00e9serv\u00e9\u00a0aux f\u00eates c\u00e9l\u00e9brant le Christ ou la Vierge Marie. Mais ceci s\u2019explique fort bien puisque Pierre et Paul, les fondateurs de l\u2019\u00c9glise, sont les deux [&hellip;]<\/p>\n","protected":false},"author":2,"featured_media":0,"comment_status":"closed","ping_status":"closed","sticky":false,"template":"","format":"standard","meta":{"footnotes":""},"categories":[3,4,28],"tags":[336,428,1068,1071],"class_list":["post-1130","post","type-post","status-publish","format-standard","hentry","category-liturgique","category-iconographie","category-saints-et-saintes","tag-eglise","tag-fondements","tag-st-paul","tag-st-pierre"],"_links":{"self":[{"href":"https:\/\/www.associationdemarie.org\/blog\/wp-json\/wp\/v2\/posts\/1130","targetHints":{"allow":["GET"]}}],"collection":[{"href":"https:\/\/www.associationdemarie.org\/blog\/wp-json\/wp\/v2\/posts"}],"about":[{"href":"https:\/\/www.associationdemarie.org\/blog\/wp-json\/wp\/v2\/types\/post"}],"author":[{"embeddable":true,"href":"https:\/\/www.associationdemarie.org\/blog\/wp-json\/wp\/v2\/users\/2"}],"replies":[{"embeddable":true,"href":"https:\/\/www.associationdemarie.org\/blog\/wp-json\/wp\/v2\/comments?post=1130"}],"version-history":[{"count":0,"href":"https:\/\/www.associationdemarie.org\/blog\/wp-json\/wp\/v2\/posts\/1130\/revisions"}],"wp:attachment":[{"href":"https:\/\/www.associationdemarie.org\/blog\/wp-json\/wp\/v2\/media?parent=1130"}],"wp:term":[{"taxonomy":"category","embeddable":true,"href":"https:\/\/www.associationdemarie.org\/blog\/wp-json\/wp\/v2\/categories?post=1130"},{"taxonomy":"post_tag","embeddable":true,"href":"https:\/\/www.associationdemarie.org\/blog\/wp-json\/wp\/v2\/tags?post=1130"}],"curies":[{"name":"wp","href":"https:\/\/api.w.org\/{rel}","templated":true}]}}