{"id":11257,"date":"2015-06-06T01:59:52","date_gmt":"2015-06-06T00:59:52","guid":{"rendered":"http:\/\/www.associationdemarie.org\/blog\/?p=11257"},"modified":"2015-05-23T09:13:50","modified_gmt":"2015-05-23T08:13:50","slug":"priere-11","status":"publish","type":"post","link":"https:\/\/www.associationdemarie.org\/blog\/priere-11\/","title":{"rendered":"pri\u00e8re"},"content":{"rendered":"<p>https:\/\/youtu.be\/6hlbG7v8zOw<\/p>\n<p>&nbsp;<\/p>\n<p>&nbsp;<\/p>\n<p><span style=\"line-height: 1.5;\">Je vis mais sans vivre en moi ;<\/span><\/p>\n<p><a href=\"https:\/\/www.associationdemarie.org\/blog\/wp-content\/uploads\/2015\/06\/bandeau_unite_chretien.jpg\"><img loading=\"lazy\" decoding=\"async\" class=\"alignright  wp-image-11259\" src=\"https:\/\/www.associationdemarie.org\/blog\/wp-content\/uploads\/2015\/06\/bandeau_unite_chretien.jpg\" alt=\"bandeau_unite_chretien\" width=\"156\" height=\"650\" srcset=\"https:\/\/www.associationdemarie.org\/blog\/wp-content\/uploads\/2015\/06\/bandeau_unite_chretien.jpg 120w, https:\/\/www.associationdemarie.org\/blog\/wp-content\/uploads\/2015\/06\/bandeau_unite_chretien-72x300.jpg 72w\" sizes=\"auto, (max-width: 156px) 100vw, 156px\" \/><\/a>Je vis mais sans vivre en moi ;<br \/>\nEt mon esp\u00e9rance est telle<br \/>\nQue je meurs de ne pas mourir.<\/p>\n<p>Je vis d\u00e9j\u00e0 hors de moi<br \/>\nDepuis que je meurs d&rsquo;amour ;<br \/>\nCar je vis dans le Seigneur<br \/>\nQui m&rsquo;a voulue pour lui.<br \/>\nQuand je lui donnai mon c\u0153ur,<br \/>\nIl y inscrivit ces mots :<br \/>\nJe meurs de ne pas mourir&#8230;<\/p>\n<p>Ah ! qu&rsquo;elle est triste la vie,<br \/>\nO\u00f9 l&rsquo;on ne jouit pas du Seigneur !<br \/>\nEt si l&rsquo;amour lui-m\u00eame est doux<br \/>\nLa longue attente ne l&rsquo;est pas ;<br \/>\n\u00d4te-moi, mon Dieu, cette charge<br \/>\nPlus lourde que l&rsquo;acier,<br \/>\nCar je meurs de ne pas mourir.<\/p>\n<p>Je vis dans la seule confiance<br \/>\nQue je dois un jour mourir,<br \/>\nParce que, par la mort, c&rsquo;est la vie<br \/>\nQue me promet mon esp\u00e9rance.<br \/>\nMort o\u00f9 l&rsquo;on gagne la vie,<br \/>\nNe tarde pas, puisque je t&rsquo;attends,<br \/>\nCar je meurs de ne pas mourir.<\/p>\n<p>Vois comme l&rsquo;amour est fort (Ct 8,6) ;<br \/>\n\u00d4 vie, ne me sois pas \u00e0 charge !<br \/>\nRegarde ce qui seul demeure :<br \/>\nPour te gagner, te perdre ! (Lc 9,24)<br \/>\nQu&rsquo;elle vienne la douce mort !<br \/>\nMa mort, qu&rsquo;elle vienne bien vite,<br \/>\nCar je meurs de ne pas mourir.<\/p>\n<p>Cette vie de l\u00e0-haut,<br \/>\nVie qui est la v\u00e9ritable,<br \/>\n? ; Jusqu&rsquo;\u00e0 ce que meure cette vie d&rsquo;ici-bas \u2013<br \/>\nTant que l&rsquo;on vit on n&rsquo;en jouit pas.<br \/>\n\u00d4 mort ! ne te d\u00e9robe pas.<br \/>\nQue je vive puisque d\u00e9j\u00e0 je meurs,<br \/>\nCar je meurs de ne pas mourir.<\/p>\n<p>\u00d4 vie, que puis-je donner<br \/>\n\u00c0 mon Dieu qui vit en moi<br \/>\nSi ce n&rsquo;est de te perdre, toi,<br \/>\nPour m\u00e9riter de le go\u00fbter !<br \/>\nJe d\u00e9sire en mourant l&rsquo;obtenir,<br \/>\nPuisque j&rsquo;ai si grand d\u00e9sir de mon Aim\u00e9<br \/>\nQue je meurs de ne pas mourir.<\/p>\n<p>&nbsp;<\/p>\n<p>Sainte Th\u00e9r\u00e8se d&rsquo;Avila (1515-1582), carm\u00e9lite, docteur de l&rsquo;\u00c9glise<br \/>\nPo\u00e9sie \u00ab Vivo sin vivir en m\u00ed \u00bb (trad. OC, Cerf, 1995, p. 1221)<\/p>\n<p>&nbsp;<\/p>\n","protected":false},"excerpt":{"rendered":"<p>https:\/\/youtu.be\/6hlbG7v8zOw &nbsp; &nbsp; Je vis mais sans vivre en moi ; Je vis mais sans vivre en moi ; Et mon esp\u00e9rance est telle Que je meurs de ne pas mourir. Je vis d\u00e9j\u00e0 hors de moi Depuis que je meurs d&rsquo;amour ; Car je vis dans le Seigneur Qui m&rsquo;a voulue pour lui. Quand [&hellip;]<\/p>\n","protected":false},"author":2,"featured_media":0,"comment_status":"closed","ping_status":"closed","sticky":false,"template":"","format":"standard","meta":{"footnotes":""},"categories":[14,26,27],"tags":[831,1109,1183],"class_list":["post-11257","post","type-post","status-publish","format-standard","hentry","category-groupe-prieres","category-priere-des-ames","category-prieres","tag-priere-et-chant","tag-ste-therese-davila","tag-video"],"_links":{"self":[{"href":"https:\/\/www.associationdemarie.org\/blog\/wp-json\/wp\/v2\/posts\/11257","targetHints":{"allow":["GET"]}}],"collection":[{"href":"https:\/\/www.associationdemarie.org\/blog\/wp-json\/wp\/v2\/posts"}],"about":[{"href":"https:\/\/www.associationdemarie.org\/blog\/wp-json\/wp\/v2\/types\/post"}],"author":[{"embeddable":true,"href":"https:\/\/www.associationdemarie.org\/blog\/wp-json\/wp\/v2\/users\/2"}],"replies":[{"embeddable":true,"href":"https:\/\/www.associationdemarie.org\/blog\/wp-json\/wp\/v2\/comments?post=11257"}],"version-history":[{"count":4,"href":"https:\/\/www.associationdemarie.org\/blog\/wp-json\/wp\/v2\/posts\/11257\/revisions"}],"predecessor-version":[{"id":11262,"href":"https:\/\/www.associationdemarie.org\/blog\/wp-json\/wp\/v2\/posts\/11257\/revisions\/11262"}],"wp:attachment":[{"href":"https:\/\/www.associationdemarie.org\/blog\/wp-json\/wp\/v2\/media?parent=11257"}],"wp:term":[{"taxonomy":"category","embeddable":true,"href":"https:\/\/www.associationdemarie.org\/blog\/wp-json\/wp\/v2\/categories?post=11257"},{"taxonomy":"post_tag","embeddable":true,"href":"https:\/\/www.associationdemarie.org\/blog\/wp-json\/wp\/v2\/tags?post=11257"}],"curies":[{"name":"wp","href":"https:\/\/api.w.org\/{rel}","templated":true}]}}