{"id":1122,"date":"2010-06-27T06:36:39","date_gmt":"2010-06-27T06:36:39","guid":{"rendered":"http:\/\/preprod.meltem-int.com\/marie\/blog\/?p=1122"},"modified":"2010-06-27T06:36:39","modified_gmt":"2010-06-27T06:36:39","slug":"jardins-monastiques","status":"publish","type":"post","link":"https:\/\/www.associationdemarie.org\/blog\/jardins-monastiques\/","title":{"rendered":"Jardins monastiques"},"content":{"rendered":"<p><a href=\"https:\/\/www.associationdemarie.org\/blog\/wp-content\/uploads\/2010\/06\/jardin.jpg\"><img loading=\"lazy\" decoding=\"async\" class=\"alignleft size-full wp-image-1123\" title=\"jardin\" src=\"https:\/\/www.associationdemarie.org\/blog\/wp-content\/uploads\/2010\/06\/jardin.jpg\" alt=\"\" width=\"200\" height=\"267\" \/><\/a>A l&rsquo;origine, les jardins monastiques m\u00e9di\u00e9vaux \u00e9taient des jardins utilitaires. Tout l&rsquo;art horticole d&rsquo;Europe a pu s&rsquo;inspirer de ces jardins. C&rsquo;\u00e9taient avant tout les b\u00e9n\u00e9dictins qui jet\u00e8rent les fondements de la construction de jardins, conform\u00e9ment \u00e0 la r\u00e8gle de leur ordre leur dictant une vie dans le travail spirituel et physique. Les monast\u00e8res \u00e9taient souvent autarciques et vivaient en grande partie des produits de leurs jardins. Les arbres fruitiers, avec le rythme de leur v\u00e9g\u00e9tation, \u00e9taient la m\u00e9taphore de la R\u00e9surrection, et le verger servait souvent de cimeti\u00e8re du monast\u00e8re. Les plantes toujours vertes renvoyaient \u00e0 la foi dans une vie \u00e9ternelle. La symbolique chr\u00e9tienne et l&rsquo;interpr\u00e9tation du monde \u00e9taient toujours pr\u00e9sentes. Les jardins monastiques, comme importants centres de d\u00e9veloppement de la vie m\u00e9di\u00e9vale, influ\u00e8rent consid\u00e9rablement sur la culture des plantes et leur utilisation dans l&rsquo;alimentation, la m\u00e9decine et le quotidien. Souvent cach\u00e9s derri\u00e8re les murs du monast\u00e8re, ces tr\u00e9sors florissants des anciens monast\u00e8res nous offrent leur beaut\u00e9 et leur esth\u00e9tique naturelle.<\/p>\n","protected":false},"excerpt":{"rendered":"<p>A l&rsquo;origine, les jardins monastiques m\u00e9di\u00e9vaux \u00e9taient des jardins utilitaires. Tout l&rsquo;art horticole d&rsquo;Europe a pu s&rsquo;inspirer de ces jardins. C&rsquo;\u00e9taient avant tout les b\u00e9n\u00e9dictins qui jet\u00e8rent les fondements de la construction de jardins, conform\u00e9ment \u00e0 la r\u00e8gle de leur ordre leur dictant une vie dans le travail spirituel et physique. Les monast\u00e8res \u00e9taient souvent [&hellip;]<\/p>\n","protected":false},"author":2,"featured_media":0,"comment_status":"closed","ping_status":"closed","sticky":false,"template":"","format":"standard","meta":{"footnotes":""},"categories":[16],"tags":[516,685,709,1016],"class_list":["post-1122","post","type-post","status-publish","format-standard","hentry","category-jardins-de-la-bible","tag-jardin","tag-monastere","tag-nature","tag-st-benoit"],"_links":{"self":[{"href":"https:\/\/www.associationdemarie.org\/blog\/wp-json\/wp\/v2\/posts\/1122","targetHints":{"allow":["GET"]}}],"collection":[{"href":"https:\/\/www.associationdemarie.org\/blog\/wp-json\/wp\/v2\/posts"}],"about":[{"href":"https:\/\/www.associationdemarie.org\/blog\/wp-json\/wp\/v2\/types\/post"}],"author":[{"embeddable":true,"href":"https:\/\/www.associationdemarie.org\/blog\/wp-json\/wp\/v2\/users\/2"}],"replies":[{"embeddable":true,"href":"https:\/\/www.associationdemarie.org\/blog\/wp-json\/wp\/v2\/comments?post=1122"}],"version-history":[{"count":0,"href":"https:\/\/www.associationdemarie.org\/blog\/wp-json\/wp\/v2\/posts\/1122\/revisions"}],"wp:attachment":[{"href":"https:\/\/www.associationdemarie.org\/blog\/wp-json\/wp\/v2\/media?parent=1122"}],"wp:term":[{"taxonomy":"category","embeddable":true,"href":"https:\/\/www.associationdemarie.org\/blog\/wp-json\/wp\/v2\/categories?post=1122"},{"taxonomy":"post_tag","embeddable":true,"href":"https:\/\/www.associationdemarie.org\/blog\/wp-json\/wp\/v2\/tags?post=1122"}],"curies":[{"name":"wp","href":"https:\/\/api.w.org\/{rel}","templated":true}]}}