{"id":11197,"date":"2015-05-24T01:47:10","date_gmt":"2015-05-24T00:47:10","guid":{"rendered":"http:\/\/www.associationdemarie.org\/blog\/?p=11197"},"modified":"2015-05-09T16:49:14","modified_gmt":"2015-05-09T15:49:14","slug":"pentecote-solennite-3","status":"publish","type":"post","link":"https:\/\/www.associationdemarie.org\/blog\/pentecote-solennite-3\/","title":{"rendered":"Pentec\u00f4te, solennit\u00e9"},"content":{"rendered":"<p><a href=\"https:\/\/www.associationdemarie.org\/blog\/wp-content\/uploads\/2015\/05\/Pentecoste_B.jpg\"><img loading=\"lazy\" decoding=\"async\" class=\"alignright  wp-image-11198\" src=\"https:\/\/www.associationdemarie.org\/blog\/wp-content\/uploads\/2015\/05\/Pentecoste_B.jpg\" alt=\"Pentecoste_B\" width=\"191\" height=\"395\" srcset=\"https:\/\/www.associationdemarie.org\/blog\/wp-content\/uploads\/2015\/05\/Pentecoste_B.jpg 386w, https:\/\/www.associationdemarie.org\/blog\/wp-content\/uploads\/2015\/05\/Pentecoste_B-145x300.jpg 145w\" sizes=\"auto, (max-width: 191px) 100vw, 191px\" \/><\/a>Chers fr\u00e8res et s\u0153urs!<\/p>\n<p>Le jour de la Pentec\u00f4te, l&rsquo;Esprit Saint descendit avec puissance sur les Ap\u00f4tres ; ainsi commen\u00e7a la mission de l&rsquo;\u00c9glise dans le monde. J\u00e9sus avait lui-m\u00eame pr\u00e9par\u00e9 les Onze \u00e0 cette mission en leur apparaissant plusieurs fois apr\u00e8s sa r\u00e9surrection (cf. Ac 1, 3). Avant son ascension au Ciel, il leur donna l&rsquo;ordre de \u00ab ne pas quitter J\u00e9rusalem, mais d&rsquo;y attendre ce que le P\u00e8re avait promis \u00bb (cf. Ac 1, 4-5) ; il leur demanda en fait de demeurer ensemble pour se pr\u00e9parer \u00e0 recevoir le don de l&rsquo;Esprit Saint. Ils se r\u00e9unirent en pri\u00e8re avec Marie au C\u00e9nacle, dans l&rsquo;attente de l&rsquo;\u00e9v\u00e9nement promis (cf. Ac 1, 14).<\/p>\n<p>Demeurer ensemble fut la condition pos\u00e9e par J\u00e9sus pour accueillir le don de l&rsquo;Esprit Saint ; la condition n\u00e9cessaire pour l&rsquo;harmonie entre eux fut une pri\u00e8re prolong\u00e9e. Une formidable le\u00e7on pour toute communaut\u00e9 chr\u00e9tienne est pr\u00e9sent\u00e9e ici. On pense parfois que l&rsquo;efficacit\u00e9 missionnaire d\u00e9pend essentiellement d&rsquo;une programmation attentive, suivie d&rsquo;une mise en \u0153uvre intelligente \u00e0 travers un engagement concret. Le Seigneur demande certes notre collaboration, mais avant toute r\u00e9ponse de notre part, son initiative est n\u00e9cessaire : le vrai protagoniste de l&rsquo;\u00c9glise est son Esprit. Les racines de notre \u00eatre et de notre action se trouvent dans le silence sage et pr\u00e9voyant de Dieu.<\/p>\n<p>Les images utilis\u00e9es par saint Luc pour indiquer l&rsquo;irruption de l&rsquo;Esprit Saint &#8211; le vent et le feu &#8211; rappellent le Sina\u00ef, o\u00f9 Dieu s&rsquo;\u00e9tait r\u00e9v\u00e9l\u00e9 au peuple d&rsquo;Isra\u00ebl et lui avait accord\u00e9 son alliance (cf. Ex 19, 3sq). La f\u00eate du Sina\u00ef, qu&rsquo;Isra\u00ebl c\u00e9l\u00e9brait cinquante jours apr\u00e8s P\u00e2ques, \u00e9tait la f\u00eate du Pacte. En parlant de langues de feu (cf. Ac 2, 3), saint Luc veut repr\u00e9senter la Pentec\u00f4te comme un nouveau Sina\u00ef, comme la f\u00eate du nouveau Pacte, dans lequel l&rsquo;Alliance avec Isra\u00ebl est \u00e9tendue \u00e0 tous les peuples de la Terre. L&rsquo;\u00c9glise est catholique et missionnaire depuis sa naissance. L&rsquo;universalit\u00e9 du salut est d\u00e9montr\u00e9e de mani\u00e8re significative par la liste des nombreuses ethnies auxquelles appartiennent ceux qui \u00e9coutent la premi\u00e8re annonce des Ap\u00f4tres (cf. Ac 2, 9-11).<\/p>\n<p>Le Peuple de Dieu, configur\u00e9 pour la premi\u00e8re fois, au Sina\u00ef, est aujourd&rsquo;hui \u00e9largi au point de ne plus conna\u00eetre aucune fronti\u00e8re de race, de culture, d&rsquo;espace ou de temps. Contrairement \u00e0 ce qui s&rsquo;\u00e9tait produit avec la tour de Babel (cf. Gn 11, 1-9), lorsque les hommes, d\u00e9sireux de construire de leurs mains un chemin vers le ciel, avaient fini par d\u00e9truire leur capacit\u00e9 m\u00eame de se comprendre les uns les autres, \u00e0 la Pentec\u00f4te, l&rsquo;Esprit, \u00e0 travers le don des langues, montre que sa pr\u00e9sence unit et transforme la confusion en communion. L&rsquo;orgueil et l&rsquo;\u00e9go\u00efsme de l&rsquo;homme cr\u00e9ent toujours des divisions, dressent des murs d&rsquo;indiff\u00e9rence, de haine et de violence. L&rsquo;Esprit Saint, en revanche, rend les c\u0153urs capables de comprendre les langues de tous, car il r\u00e9tablit le pont de la communication authentique entre la Terre et le Ciel. L&rsquo;Esprit Saint est Amour.<\/p>\n<p>Mais comment entrer dans le myst\u00e8re de l&rsquo;Esprit Saint, comment comprendre le secret de l&rsquo;Amour ? La page de l&rsquo;\u00c9vangile nous conduit aujourd&rsquo;hui dans le C\u00e9nacle o\u00f9, la derni\u00e8re C\u00e8ne \u00e9tant termin\u00e9e, un sentiment de d\u00e9sarroi rend les Ap\u00f4tres tristes. La raison en est que les paroles de J\u00e9sus suscitaient en effet des interrogations inqui\u00e9tantes : Il parle de la haine du monde envers Lui et envers les siens, il parle de son myst\u00e9rieux d\u00e9part, et de nombreuses choses restent encore \u00e0 dire, mais pour le moment les Ap\u00f4tres ne sont pas en mesure d&rsquo;en porter le poids (cf. Jn 16, 12). Pour les r\u00e9conforter, il explique la signification de son d\u00e9part : il partira, mais reviendra ; en attendant, il ne les abandonnera pas, il ne les laissera pas orphelins. Il enverra le Consolateur, l&rsquo;Esprit du P\u00e8re, et ce sera l&rsquo;Esprit qui fera savoir que une \u0153uvre du Christ est une \u0153uvre d&rsquo;amour : amour de Celui qui s&rsquo;est offert, amour du P\u00e8re qui l&rsquo;a donn\u00e9.<\/p>\n<p>Tel est le myst\u00e8re de la Pentec\u00f4te : l&rsquo;Esprit Saint \u00e9claire l&rsquo;esprit humain et, en r\u00e9v\u00e9lant le Christ crucifi\u00e9 et ressuscit\u00e9, il indique la voie pour devenir davantage semblables \u00e0 Lui, c&rsquo;est-\u00e0-dire \u00eatre \u00ab expression et instrument de l&rsquo;amour qui \u00e9mane de Lui \u00bb (Deus caritas est, n. 33). Recueillie avec Marie, comme lors de sa naissance, l&rsquo;\u00c9glise prie aujourd&rsquo;hui : \u00ab &gt;&gt;&gt;Veni Creator Spiritus !- Viens, Esprit Saint, remplis les c\u0153urs de tes fid\u00e8les et embrase-les du feu de ton amour ! \u00bb. Amen.<\/p>\n<p>Hom\u00e9lie du Pape Beno\u00eet XVI<\/p>\n<p>Source principale : vatican.va (\u00ab R\u00e9v. x gpm \u00bb).<\/p>\n<p>&nbsp;<\/p>\n<p>&nbsp;<\/p>\n<p>&nbsp;<\/p>\n<p>&nbsp;<\/p>\n","protected":false},"excerpt":{"rendered":"<p>Chers fr\u00e8res et s\u0153urs! Le jour de la Pentec\u00f4te, l&rsquo;Esprit Saint descendit avec puissance sur les Ap\u00f4tres ; ainsi commen\u00e7a la mission de l&rsquo;\u00c9glise dans le monde. J\u00e9sus avait lui-m\u00eame pr\u00e9par\u00e9 les Onze \u00e0 cette mission en leur apparaissant plusieurs fois apr\u00e8s sa r\u00e9surrection (cf. Ac 1, 3). Avant son ascension au Ciel, il leur [&hellip;]<\/p>\n","protected":false},"author":2,"featured_media":0,"comment_status":"closed","ping_status":"closed","sticky":false,"template":"","format":"standard","meta":{"footnotes":""},"categories":[3,13,15,28],"tags":[142,378,791],"class_list":["post-11197","post","type-post","status-publish","format-standard","hentry","category-liturgique","category-ecritures","category-histoire","category-saints-et-saintes","tag-benoit-16","tag-esprit-saint","tag-pentecote"],"_links":{"self":[{"href":"https:\/\/www.associationdemarie.org\/blog\/wp-json\/wp\/v2\/posts\/11197","targetHints":{"allow":["GET"]}}],"collection":[{"href":"https:\/\/www.associationdemarie.org\/blog\/wp-json\/wp\/v2\/posts"}],"about":[{"href":"https:\/\/www.associationdemarie.org\/blog\/wp-json\/wp\/v2\/types\/post"}],"author":[{"embeddable":true,"href":"https:\/\/www.associationdemarie.org\/blog\/wp-json\/wp\/v2\/users\/2"}],"replies":[{"embeddable":true,"href":"https:\/\/www.associationdemarie.org\/blog\/wp-json\/wp\/v2\/comments?post=11197"}],"version-history":[{"count":2,"href":"https:\/\/www.associationdemarie.org\/blog\/wp-json\/wp\/v2\/posts\/11197\/revisions"}],"predecessor-version":[{"id":11200,"href":"https:\/\/www.associationdemarie.org\/blog\/wp-json\/wp\/v2\/posts\/11197\/revisions\/11200"}],"wp:attachment":[{"href":"https:\/\/www.associationdemarie.org\/blog\/wp-json\/wp\/v2\/media?parent=11197"}],"wp:term":[{"taxonomy":"category","embeddable":true,"href":"https:\/\/www.associationdemarie.org\/blog\/wp-json\/wp\/v2\/categories?post=11197"},{"taxonomy":"post_tag","embeddable":true,"href":"https:\/\/www.associationdemarie.org\/blog\/wp-json\/wp\/v2\/tags?post=11197"}],"curies":[{"name":"wp","href":"https:\/\/api.w.org\/{rel}","templated":true}]}}